{"id":1108,"date":"2015-07-15T15:11:41","date_gmt":"2015-07-15T15:11:41","guid":{"rendered":"http:\/\/photos-infographiste.com\/diario\/?p=1108"},"modified":"2018-07-31T15:00:18","modified_gmt":"2018-07-31T15:00:18","slug":"prix-dete-sur-la-creation-de-votre-site-internet","status":"publish","type":"post","link":"https:\/\/photos-infographiste.com\/diario\/prix-dete-sur-la-creation-de-votre-site-internet\/","title":{"rendered":"Soldes"},"content":{"rendered":"<p><img loading=\"lazy\" class=\"aligncenter\" title=\"Cr\u00e9ation\/refonte de sites internet Brest (29)\" src=\"http:\/\/photos-infographiste.com\/diario\/wp-content\/uploads\/2015\/07\/montage-gateau-cerise_280-250.jpg\" alt=\"Cr\u00e9ation\/refonte de sites internet Brest (29)\" width=\"280\" height=\"250\" \/><\/p>\n<h5 style=\"text-align: center;\">Prix sp\u00e9cial \u00e9t\u00e9<\/h5>\n<h1 style=\"font-size: 24px;\">xx\u2009% de r\u00e9duction sur la conception de votre site internet*<\/h1>\n<p style=\"text-align: center;\"><a title=\"b\u00e9n\u00e9ficier d'une r\u00e9duction sur votre prestation graphique : sites internet, print et  photographies, hors offre d'\u00e9t\u00e9\" href=\"http:\/\/photos-infographiste.com\/diario\/wp-content\/uploads\/2015\/09\/feuilles-automne.jpg\" target=\"_blank&quot;\"><img loading=\"lazy\" class=\"aligncenter size-medium wp-image-1946\" title=\"b\u00e9n\u00e9ficier d'une r\u00e9duction sur votre prestation graphique : sites internet, print et photographies, hors offre d'\u00e9t\u00e9\" src=\"http:\/\/photos-infographiste.com\/diario\/wp-content\/uploads\/2015\/09\/feuilles-automne-248x300.jpg\" alt=\"b\u00e9n\u00e9ficier d'une r\u00e9duction sur votre prestation graphique : sites internet, print et  photographies, hors offre d'\u00e9t\u00e9\" width=\"82\" height=\"100\" srcset=\"https:\/\/photos-infographiste.com\/diario\/wp-content\/uploads\/2015\/09\/feuilles-automne-248x300.jpg 248w, https:\/\/photos-infographiste.com\/diario\/wp-content\/uploads\/2015\/09\/feuilles-automne.jpg 250w\" sizes=\"(max-width: 82px) 100vw, 82px\" \/><\/a><\/p>\n<p><!--more--><\/p>\n<p style=\"text-align: center;\">*Offre termin\u00e9e, \u00e9tait en vigueur jusqu&#8217;au 31 ao\u00fbt 2015 inclus. <a title=\"B\u00e9n\u00e9ficier d'une r\u00e9duction - prix sp\u00e9cial \u00e9t\u00e9\" href=\"http:\/\/photos-infographiste.com\/diario\/?page_id=1262\">Renseignements\u00a0&amp; Contact<\/a><\/p>\n","protected":false},"excerpt":{"rendered":"<p>Prix sp\u00e9cial \u00e9t\u00e9 xx\u2009% de r\u00e9duction sur la conception de votre site internet*<\/p>\n","protected":false},"author":1,"featured_media":1125,"comment_status":"closed","ping_status":"closed","sticky":false,"template":"","format":"standard","meta":[],"categories":[3,4],"tags":[],"_links":{"self":[{"href":"https:\/\/photos-infographiste.com\/diario\/wp-json\/wp\/v2\/posts\/1108"}],"collection":[{"href":"https:\/\/photos-infographiste.com\/diario\/wp-json\/wp\/v2\/posts"}],"about":[{"href":"https:\/\/photos-infographiste.com\/diario\/wp-json\/wp\/v2\/types\/post"}],"author":[{"embeddable":true,"href":"https:\/\/photos-infographiste.com\/diario\/wp-json\/wp\/v2\/users\/1"}],"replies":[{"embeddable":true,"href":"https:\/\/photos-infographiste.com\/diario\/wp-json\/wp\/v2\/comments?post=1108"}],"version-history":[{"count":35,"href":"https:\/\/photos-infographiste.com\/diario\/wp-json\/wp\/v2\/posts\/1108\/revisions"}],"predecessor-version":[{"id":4206,"href":"https:\/\/photos-infographiste.com\/diario\/wp-json\/wp\/v2\/posts\/1108\/revisions\/4206"}],"wp:featuredmedia":[{"embeddable":true,"href":"https:\/\/photos-infographiste.com\/diario\/wp-json\/wp\/v2\/media\/1125"}],"wp:attachment":[{"href":"https:\/\/photos-infographiste.com\/diario\/wp-json\/wp\/v2\/media?parent=1108"}],"wp:term":[{"taxonomy":"category","embeddable":true,"href":"https:\/\/photos-infographiste.com\/diario\/wp-json\/wp\/v2\/categories?post=1108"},{"taxonomy":"post_tag","embeddable":true,"href":"https:\/\/photos-infographiste.com\/diario\/wp-json\/wp\/v2\/tags?post=1108"}],"curies":[{"name":"wp","href":"https:\/\/api.w.org\/{rel}","templated":true}]}}