{"id":1705,"date":"2015-09-14T17:47:53","date_gmt":"2015-09-14T17:47:53","guid":{"rendered":"http:\/\/photos-infographiste.com\/diario\/?p=1705"},"modified":"2018-08-05T14:09:32","modified_gmt":"2018-08-05T14:09:32","slug":"les-spectacles-de-l-espace-keraudy-plougonvelin","status":"publish","type":"post","link":"https:\/\/photos-infographiste.com\/diario\/les-spectacles-de-l-espace-keraudy-plougonvelin\/","title":{"rendered":"K\u00e9raudy"},"content":{"rendered":"<blockquote><p>Culture<\/p><\/blockquote>\n<h1>Les spectacles de l&#8217;Espace K\u00e9raudy<\/h1>\n<h6><a href=\"http:\/\/photos-infographiste.com\/diario\/wp-content\/uploads\/2015\/09\/BRE4121-c-40.jpg\" target=\"_blank\" title=\"L'espace K\u00e9raudy \u00e0 Plougonvelin dans le Finist\u00e8re\"><img loading=\"lazy\" src=\"http:\/\/photos-infographiste.com\/diario\/wp-content\/uploads\/2015\/09\/BRE4121-c-40-300x199.jpg\" alt=\"L&#039;Espace K\u00e9raudy \u00e0 Plougonvelin\" width=\"300\" height=\"199\" class=\"alignleftm\" \/><\/a>L&#8217;espace K\u00e9raudy \u00e0 Plougonvelin f\u00eate ses 10&nbsp;ans. La programmation est tr\u00e8s int\u00e9ressante, avec aussi de nombreuses activit\u00e9s et animations culturelles. Vous trouverez ci-dessous les spectacles de la saison 2015-2016 avec des liens donnant des informations compl\u00e9mentaires.<\/h6>\n<p><!--more--><\/p>\n<p style=\"margin-top:18px;\">La programmation, saison 2015-2016&nbsp;&#8211; Plougonvelin<\/p>\n<p>&nbsp;<\/p>\n<div class=\"net\"><\/div>\n<h2>A venir<\/h2>\n<div class=\"f_right_3\">\n<div id=\"17082016\"><\/div>\n<p><span style=\"font-style: italic;\">Du 17 au 19&nbsp;ao\u00fbt&nbsp;2016<\/span><br \/>\n<span style=\"display: inline-block; box-sizing: border-box; background-color: #b60821; padding: 0 1%; color: #fff; text-transform: uppercase;\">DANSE<\/span><br \/>\n<span style=\"font-weight: bold;\">Danses et musiques du monde &#8211; 9e Edition<\/span><br \/>\nTa\u00efwan &#8211; 17&nbsp;ao\u00fbt, Arm\u00e9nie &#8211; 18&nbsp;ao\u00fbt et Guat\u00e9mala &#8211; 19&nbsp;ao\u00fbt. Les Tarifs&nbsp;: 15&nbsp;\u20ac, 13 (r\u00e9duit), 10 (abonn\u00e9), 6 (moins de 12&nbsp;ans), 35 (pass 3&nbsp;spectacles).<br \/>\n<a title=\"En savoir plus sur la programmation\" href=\"http:\/\/www.plougonvelin.fr\" target=\"_blank\">En savoir plus<\/a><\/div>\n<div class=\"f_right_3\">\n<div id=\"27082016\"><\/div>\n<p><span style=\"font-style: italic;\">Le 27&nbsp;ao\u00fbt&nbsp;2016<\/span><br \/>\n<span style=\"display: inline-block; box-sizing: border-box; background-color: #b60821; padding: 0 1%; color: #fff; text-transform: uppercase;\">MUSIQUE<\/span><br \/>\n<span style=\"font-weight: bold;\">G\u00e9rard Jaffr\u00e8s<\/span><br \/>\nEn public. Tarifs non communiqu\u00e9s.<br \/>\n<a title=\"Le site du chanteur qui se produira \u00e0 Plougonvelin\" href=\"http:\/\/www.gerardjaffres.fr\/Templates\/gerard\/page-accueil.php\" target=\"_blank\">En savoir plus<\/a><\/div>\n<div class=\"net\"><\/div>\n<h2>Termin\u00e9<\/h2>\n<div class=\"f_right_3\">\n<div id=\"02102015\"><\/div>\n<p><span style=\"font-style: italic;\">vendredi&nbsp;2&nbsp;octobre, 20h30<\/span><br \/>\n<span style=\"display: inline-block; box-sizing: border-box; background-color: #b60821; padding: 0 1%; color: #fff; text-transform: uppercase;\">DANSE<\/span><br \/>\n<span style=\"font-weight: bold;\">La Becqu\u00e9e<br \/>\nCompagnie Un Soir \u00e0 l&#8217;Ouest<\/span><br \/>\nPrix unique 10 euros ou pass festival<br \/>\n<a title=\"En savoir plus sur la programmation de l'Espace K\u00e9raudy\" href=\"http:\/\/labecquee.fr\/\" target=\"_blank\">En savoir plus<\/a><\/div>\n<div class=\"f_right_3\">\n<div id=\"25102015\"><\/div>\n<p><span style=\"font-style: italic;\">dimanche&nbsp;25&nbsp;octobre, 15h<\/span><br \/>\n<span style=\"display: inline-block; box-sizing: border-box; background-color: #b60821; padding: 0 1%; color: #fff; text-transform: uppercase;\">CINE-CONCERT<\/span><br \/>\n<span style=\"font-weight: bold;\">Le M\u00e9cano de la General<\/span><br \/>\nTarifs : 7 \u20ac &#8211; 5 \u20ac (abonn\u00e9 et \u2013 12 ans)<br \/>\n<a title=\"En savoir plus sur la programmation de l'Espace K\u00e9raudy\" href=\"https:\/\/myspace.com\/christoferbjurstrom\/music\/albums\" target=\"_blank\">En savoir plus<\/a><\/div>\n<div class=\"f_right_3\">\n<div id=\"28102015\"><\/div>\n<p><span style=\"font-style: italic;\">mercredi&nbsp;28&nbsp;octobre, 10h, 14h<\/span><br \/>\n<span style=\"display: inline-block; box-sizing: border-box; background-color: #b60821; padding: 0 1%; color: #fff; text-transform: uppercase;\">Atelier de cr\u00e9ation<\/span><br \/>\n<span style=\"font-weight: bold;\">L&#8217;Atelier de Cuisine &#8211; Cie Singe Diesel<\/span><br \/>\nTarifs : 5 \u20ac (3 \u00e0 6 ans, dur\u00e9e 1H) et 7 \u20ac (\u00e0 partir de 7 ans, dur\u00e9e 2H)<br \/>\n<a title=\"En savoir plus sur la programmation de l'Espace K\u00e9raudy\" href=\"http:\/\/singediesel.pagesperso-orange.fr\/\" target=\"_blank\">En savoir plus<\/a><\/div>\n<div class=\"f_right_3\">\n<div id=\"08112015\"><\/div>\n<p><span style=\"font-style: italic;\">dimanche&nbsp;8&nbsp;novembre, 15h30<\/span><br \/>\n<span style=\"display: inline-block; box-sizing: border-box; background-color: #b60821; padding: 0 1%; color: #fff; text-transform: uppercase;\">THE\u00c2TRE<\/span><br \/>\n<span style=\"font-weight: bold;\">Les Amours de Nanterre<\/span><br \/>\nTarifs : 7 \u20ac (normal) 5 \u20ac (abonn\u00e9 et -12 ans) Placement libre<br \/>\n<a title=\"En savoir plus sur la programmation de l'Espace K\u00e9raudy\" href=\"http:\/\/www.theatre-classique.fr\/pages\/programmes\/edition.php?t=..\/documents\/DORNEVALLESAGE_AMOURSDENANTERRE.xml\" target=\"_blank\">En savoir plus<\/a><\/div>\n<div class=\"f_right_3\">\n<div id=\"13112015\"><\/div>\n<p><span style=\"font-style: italic;\">vendredi&nbsp;13&nbsp;novembre, 20h30<\/span><br \/>\n<span style=\"display: inline-block; box-sizing: border-box; background-color: #b60821; padding: 0 1%; color: #fff; text-transform: uppercase;\">HUMOUR MUSICAL<\/span><br \/>\n<span style=\"font-weight: bold;\">Les Banquettes Arri\u00e8res<\/span><br \/>\nTarifs : 15 \u20ac (normal) 13 \u20ac (r\u00e9duit) 10 \u20ac (abonn\u00e9) 6 \u20ac (-12 ans)<br \/>\nPlacement libre<br \/>\n<a title=\"En savoir plus sur la programmation de l'Espace K\u00e9raudy\" href=\"http:\/\/lesbanquettesarrieres.weebly.com\/\" target=\"_blank\">En savoir plus<\/a><\/div>\n<div class=\"f_right_3\">\n<div id=\"18112015\"><\/div>\n<p><span style=\"font-style: italic;\">mercredi&nbsp;18&nbsp;novembre, 11h, 16h<\/span><br \/>\n<span style=\"display: inline-block; box-sizing: border-box; background-color: #b60821; padding: 0 1%; color: #fff; text-transform: uppercase;\">Marionnettes en ombres chinoises<\/span><br \/>\n<span style=\"font-weight: bold;\">Chant de l\u2019Ange \u2013 La Compagnie Incarnat<\/span><br \/>\nTarifs : 7 \u20ac (normal) 5 \u20ac (abonn\u00e9 et &#8211; 12 ans)<br \/>\nDur\u00e9e : 30 min Placement libre<br \/>\n<a title=\"En savoir plus sur la programmation de l'Espace K\u00e9raudy\" href=\"https:\/\/www.facebook.com\/cie.incarnat\" target=\"_blank\">En savoir plus<\/a><\/div>\n<div class=\"f_right_3\">\n<div id=\"29112015\"><\/div>\n<p><span style=\"font-style: italic;\">dimanche&nbsp;29&nbsp;novembre, 15h30<\/span><br \/>\n<span style=\"display: inline-block; box-sizing: border-box; background-color: #b60821; padding: 0 1%; color: #fff; text-transform: uppercase;\">OPERA BOUFFE<\/span><br \/>\n<span style=\"font-weight: bold;\">La Vie Parisienne<\/span><br \/>\nTarifs : 10 \u20ac (normal), 8 \u20ac (r\u00e9duit) 7 \u20ac (abonn\u00e9) 5 \u20ac (-12 ans) Placement libre<br \/>\n<a title=\"En savoir plus sur la programmation de l'Espace K\u00e9raudy\" href=\"https:\/\/fr.wikipedia.org\/wiki\/La_Vie_parisienne\" target=\"_blank\">En savoir plus<\/a><\/div>\n<div class=\"f_right_3\">\n<div id=\"01122015\"><\/div>\n<p><span style=\"font-style: italic;\">mardi 1er d\u00e9cembre, 18h30<\/span><br \/>\n<span style=\"display: inline-block; box-sizing: border-box; background-color: #b60821; padding: 0 1%; color: #fff; text-transform: uppercase;\">CONTE<\/span><br \/>\n<span style=\"font-weight: bold;\">Jeanne Ferron &#8211; Histoire d&#8217;en rire<\/span><br \/>\nTarif : Entr\u00e9e libre (sur r\u00e9servation) Dur\u00e9e : 1h<br \/>\n<a title=\"En savoir plus sur la programmation de l'Espace K\u00e9raudy\" href=\"http:\/\/www.agencesartistiques.com\/Fiche-Artiste\/168512-jeanne-ferron.html\" target=\"_blank\">En savoir plus<\/a><\/div>\n<div class=\"f_right_3\">\n<div id=\"05122015\"><\/div>\n<p><span style=\"font-style: italic;\">samedi&nbsp;5&nbsp;d\u00e9cembre, 20h30<\/span><br \/>\n<span style=\"display: inline-block; box-sizing: border-box; background-color: #b60821; padding: 0 1%; color: #fff; text-transform: uppercase;\">CHANSON<\/span><br \/>\n<span style=\"font-weight: bold;\">Duo du Bas \u2013 Tour de Chant<\/span><br \/>\nTarifs : 10 \u20ac (normal), 8 \u20ac (r\u00e9duit) 7 \u20ac (abonn\u00e9) 5 \u20ac (-12 ans)<br \/>\nPlacement libre<br \/>\n<a title=\"En savoir plus sur la programmation de l'Espace K\u00e9raudy\" href=\"http:\/\/duodubas.jimdo.com\/\" target=\"_blank\">En savoir plus<\/a><\/div>\n<div class=\"f_right_3\">\n<div id=\"24012016\"><\/div>\n<p><span style=\"font-style: italic;\">dimanche&nbsp;24&nbsp;janvier, 15h30<\/span><br \/>\n<span style=\"display: inline-block; box-sizing: border-box; background-color: #b60821; padding: 0 1%; color: #fff; text-transform: uppercase;\">MUSIQUE CLASSIQUE<\/span><br \/>\n<span style=\"font-weight: bold;\">L\u2019Orchestre Universitaire de Brest<\/span><br \/>\nTarifs : 10 \u20ac (normal), 8 \u20ac (r\u00e9duit) 7 \u20ac (abonn\u00e9) 5 \u20ac (-12 ans)<br \/>\nPlacement num\u00e9rot\u00e9<br \/>\n<a title=\"En savoir plus sur la programmation de l'Espace K\u00e9raudy\" href=\"http:\/\/www.orchestre-brest.eu.org\/\" target=\"_blank\">En savoir plus<\/a><\/div>\n<div class=\"f_right_3\">\n<div id=\"31012016\"><\/div>\n<p><span style=\"font-style: italic;\">dimanche&nbsp;31&nbsp;janvier, 15h30<\/span><br \/>\n<span style=\"display: inline-block; box-sizing: border-box; background-color: #b60821; padding: 0 1%; color: #fff; text-transform: uppercase;\">CHANT DE MER<\/span><br \/>\n<span style=\"font-weight: bold;\">Les Marins d&#8217;Iroise<\/span><br \/>\nTarifs : 10 \u20ac (normal), 8 \u20ac (r\u00e9duit) 7 \u20ac (abonn\u00e9) 5 \u20ac (-12 ans)<br \/>\nPlacement num\u00e9rot\u00e9<br \/>\n<a title=\"En savoir plus sur la programmation de l'Espace K\u00e9raudy\" href=\"http:\/\/lesmarinsdiroise.com\/index.html\" target=\"_blank\">En savoir plus<\/a><\/div>\n<div class=\"f_right_3\">\n<div id=\"10022016\"><\/div>\n<p><span style=\"font-style: italic;\">mercredi&nbsp;10&nbsp;f\u00e9vrier, 15h<\/span><br \/>\n<span style=\"display: inline-block; box-sizing: border-box; background-color: #b60821; padding: 0 1%; color: #fff; text-transform: uppercase;\">THE\u00c2TRE &amp; MUSIQUE<\/span><br \/>\n<span style=\"font-weight: bold;\">Okalik &#8211; Le grand chasseur inuit<\/span><br \/>\nCoop\u00e9rative Artistique Marmouzic<br \/>\nTarifs : 7 \u20ac et 5 \u20ac (abonn\u00e9 et \u2013 12 ans) Placement libre<br \/>\n<a title=\"En savoir plus sur la programmation de l'Espace K\u00e9raudy\" href=\"http:\/\/www.marmouzic.org\/index.php?page=jeune-public&amp;ssmenu=OKALIK&amp;PHPSESSID=699adc98aa31150645c5316bb7b2328d\" target=\"_blank\">En savoir plus<\/a><\/div>\n<div class=\"f_right_3\">\n<div id=\"21022016\"><\/div>\n<p><span style=\"font-style: italic;\">dimanche&nbsp;21&nbsp;f\u00e9vrier, 16h<\/span><br \/>\n<span style=\"display: inline-block; box-sizing: border-box; background-color: #b60821; padding: 0 1%; color: #fff; text-transform: uppercase;\">Musique classique<\/span><br \/>\n<span style=\"font-weight: bold;\">Ensemble Choral du Bout du Monde<\/span><br \/>\nEnsemble vocal et instrumental de Bretagne &#8211; direction Christian Desbordes<br \/>\nTarif unique : 12 \u20ac Placement libre<br \/>\n<a title=\"En savoir plus sur la programmation de l'Espace K\u00e9raudy\" href=\"http:\/\/ecbm.bzh\/sommes\/sommes.htm\" target=\"_blank\">En savoir plus<\/a><\/div>\n<div class=\"net\"><\/div>\n<p><H6>L&#8217;Espace K\u00e9raudy f\u00eate ses 10&nbsp;ans. Joyeux Anniversaire&nbsp;!<\/h6>\n<div class=\"f_right_3\">\n<div id=\"13032016\"><\/div>\n<p><a href=\"http:\/\/photos-infographiste.com\/diario\/wp-content\/uploads\/2015\/09\/la12032015-anniversaire.jpg\" target=\"_blank\"><img loading=\"lazy\" class=\"alignleftm_25\" title=\"La programmation de l'Espace K\u00e9raudy \u00e0 Plougonvelin\" src=\"http:\/\/photos-infographiste.com\/diario\/wp-content\/uploads\/2015\/09\/a-13.jpg\" alt=\"La programmation de l'Espace K\u00e9raudy \u00e0 Plougonvelin\" width=\"150\" height=\"150\" \/><\/a><span style=\"font-weight:bold;color:#996600;\">Les&nbsp;10&nbsp;ans&nbsp;&#8211;&nbsp;12 &amp; 13&nbsp;mars<\/span><br \/>\n<span style=\"font-style: italic;\">samedi&nbsp;12&nbsp;mars, 20h30<\/span><br \/>\n<span style=\"display: inline-block; box-sizing: border-box; background-color: #996600; padding: 0 1%; color: #fff; text-transform: uppercase;\">Danse traditionnelle<\/span><br \/>\n<span style=\"font-weight: bold;\">Eskell an Elorn<\/span><br \/>\nEntr\u00e9e libre\n<\/div>\n<div class=\"f_right_3\">\n<span style=\"font-style: italic;\">dimanche&nbsp;13&nbsp;mars, 15h \u00e0 18h<\/span><br \/>\n<span style=\"display: inline-block; box-sizing: border-box; background-color: #996600; padding: 0 1%; color: #fff; text-transform: uppercase;\">Musique celtique<\/span><br \/>\n<span style=\"font-weight: bold;\">Tan Arvest, Fest-noz &amp; Outside Duo, The Celtic Two men show<\/span><br \/>\nTarifs : 10&nbsp;\u20ac (normal), 8&nbsp;\u20ac (r\u00e9duit) 7&nbsp;\u20ac (abonn\u00e9) 5&nbsp;\u20ac (-12 ans<br \/>\n<a title=\"En savoir plus sur la programmation de l'Espace K\u00e9raudy\" href=\"http:\/\/www.tanarvest\" target=\"_blank\">En savoir plus<\/a><\/div>\n<div class=\"net\"><\/div>\n<div class=\"f_right_3\">\n<div id=\"19032016\"><\/div>\n<p><span style=\"font-style: italic;\"> samedi&nbsp;19&nbsp;mars, 20h30<\/span><br \/>\n<span style=\"display: inline-block; box-sizing: border-box; background-color: #b60821; padding: 0 1%; color: #fff; text-transform: uppercase;\">TH\u00e9\u00c2TRE &#8211; COMEDIE<\/span><br \/>\n<span style=\"font-weight: bold;\">Bon Anniversaire mon amour<\/span><br \/>\nTarifs : 25&nbsp;\u20ac (normal) 23&nbsp;\u20ac (r\u00e9duit) 19&nbsp;\u20ac (abonn\u00e9) 10&nbsp;\u20ac (\u201312 ans)<br \/>\nPlacement num\u00e9rot\u00e9<br \/>\n<a title=\"En savoir plus sur la programmation de l'Espace K\u00e9raudy\" href=\"http:\/\/www.nouvelle-scene.com\/index.php?option=com_content&amp;task=view&amp;id=291&amp;Itemid=15\" target=\"_blank\">En savoir plus<\/a>\n<\/div>\n<div class=\"f_right_3\">\n<div id=\"15042016\"><\/div>\n<p><span style=\"font-style: italic;\">vendredi&nbsp;15&nbsp;avril, 20h30<\/span><br \/>\n<span style=\"display: inline-block; box-sizing: border-box; background-color: #b60821; padding: 0 1%; color: #fff; text-transform: uppercase;\">Musique du monde<\/span><br \/>\n<span style=\"font-weight: bold;\">No\u00ebmi Waysfeld &amp; Blik<\/span><br \/>\nTarifs : 15 \u20ac (normal), 13 \u20ac (r\u00e9duit), 10 \u20ac (abonn\u00e9), 6 \u20ac (-12 ans)<br \/>\nPlacement num\u00e9rot\u00e9<br \/>\n<a title=\"En savoir plus sur la programmation de l'Espace K\u00e9raudy\" href=\"http:\/\/www.noemiwaysfeld-blik.com\/\" target=\"_blank\">En savoir plus<\/a><\/div>\n<div class=\"f_right_3\">\n<div id=\"23042016\"><\/div>\n<p><span style=\"font-style: italic;\">samedi&nbsp;23&nbsp;avril, 20h30<\/span><br \/>\n<span style=\"display: inline-block; box-sizing: border-box; background-color: #b60821; padding: 0 1%; color: #fff; text-transform: uppercase;\">Irish folk<\/span><br \/>\n<span style=\"font-weight: bold;\">The Dublin Legendes<\/span><br \/>\nTarifs : 25 \u20ac (normal) &#8211; 23 \u20ac (r\u00e9duit) &#8211; 19 \u20ac (abonn\u00e9) &#8211; 10 \u20ac (-12 ans)<br \/>\nPlacement num\u00e9rot\u00e9<br \/>\n<a title=\"En savoir plus sur la programmation de l'Espace K\u00e9raudy\" href=\"http:\/\/dublinlegends.com\/\" target=\"_blank\">En savoir plus<\/a><\/div>\n<div class=\"f_right_3\">\n<div id=\"29042016\"><\/div>\n<p><span style=\"font-style: italic;\">vendredi&nbsp;29&nbsp;avril, 20h30<\/span><br \/>\n<span style=\"display: inline-block; box-sizing: border-box; background-color: #b60821; padding: 0 1%; color: #fff; text-transform: uppercase;\">TH\u00e9\u00c2TRE &#8211; COM\u00e9DIE<\/span><br \/>\n<span style=\"font-weight: bold;\">Le Clan des Divorc\u00e9s<\/span><br \/>\nTarifs : 30 \u20ac (normal), 27 \u20ac (abonn\u00e9) Placement libre<br \/>\n<a title=\"En savoir plus sur la programmation de l'Espace K\u00e9raudy\" href=\"http:\/\/www.leclandesdivorcees.com\/\" target=\"_blank\">En savoir plus<\/a><\/div>\n<div class=\"f_right_3\">\n<div id=\"06052016\"><\/div>\n<p><span style=\"font-style: italic;\">vendredi&nbsp;6&nbsp;mai, 20h30<\/span><br \/>\n<span style=\"display: inline-block; box-sizing: border-box; background-color: #b60821; padding: 0 1%; color: #fff; text-transform: uppercase;\">Musique du monde<\/span><br \/>\n<span style=\"font-weight: bold;\">Klaired<\/span><br \/>\nTarifs : 10 \u20ac (normal), 8 \u20ac (r\u00e9duit) 7 \u20ac (abonn\u00e9) 5 \u20ac (-12 ans)<br \/>\nPlacement num\u00e9rot\u00e9<br \/>\n<a title=\"En savoir plus sur la programmation de l'Espace K\u00e9raudy\" href=\"http:\/\/www.klaired.com\/\" target=\"_blank\">En savoir plus<\/a><\/div>\n<div class=\"f_right_3\">\n<span style=\"display: inline-block; box-sizing: border-box; background-color: #193A69; padding: 0 1%; color: #fff; text-transform: uppercase;\">DOCUMENTATION<\/span><br \/>\n\u2022 <a title=\"En savoir plus sur la programmation de l'Espace K\u00e9raudy\" href=\"http:\/\/www.plougonvelin.fr\/la-vie-culturelle\/spectacles-espace-keraudy.html\" target=\"_blank\">La page de l&#8217;Espace K\u00e9raudy sur le site de la commune<\/a>\n<\/div>\n<div style=\"clear:both\"><\/div>\n<p><\/br>L&#8217;Espace K\u00e9raudy et sa salle de spectacle&nbsp;&#8211; Plougonvelin &#8211; \u00a9&nbsp;Michel&nbsp;Salpin<\/p>\n<div style=\"clear:both\"><\/div>\n<div style=\"margin:auto;text-align:center;width:100%\"><a href=\"http:\/\/photos-infographiste.com\/diario\/wp-content\/uploads\/2015\/09\/salle-de-spectacle-02-1024.jpg\" target=\"_blank\"><img loading=\"lazy\" src=\"http:\/\/photos-infographiste.com\/diario\/wp-content\/uploads\/2015\/09\/conditions-prestations-1024-300x199.jpg\" alt=\"La salle de spectacle de l&#039;espace K\u00e9raudy\" width=\"270\" height=\"180\" class=\"alignleftm_25\" \/><\/a><a href=\"http:\/\/photos-infographiste.com\/diario\/wp-content\/uploads\/2015\/09\/BRE4121-c-40.jpg\" target=\"_blank\"><img loading=\"lazy\" src=\"http:\/\/photos-infographiste.com\/diario\/wp-content\/uploads\/2015\/09\/BRE4121-c-40-300x199.jpg\" alt=\"L&#039;Espace K\u00e9raudy \u00e0 Plougonvelin\" width=\"270\" height=\"180\" class=\"alignleftm_25\" \/><\/a><a href=\"http:\/\/photos-infographiste.com\/diario\/wp-content\/uploads\/2015\/09\/salle-de-spectacle-01-1024.jpg\" target=\"_blank\"><img loading=\"lazy\" src=\"http:\/\/photos-infographiste.com\/diario\/wp-content\/uploads\/2015\/09\/etapes_organisation-1024-300x199.jpg\" alt=\"La salle de spectacle de l&#039;Espace K\u00e9raudy \u00e0 Plougonvelin\" width=\"270\" height=\"180\" class=\"alignleftm_25\" \/><\/a>\n<\/div>\n<div style=\"clear:both\"><\/div>\n<p><!-- AddThis Button BEGIN --><\/p>\n<blockquote><p>Vous aimez cet article, merci de le partager.<\/p><\/blockquote>\n<div class=\"addthis_toolbox addthis_default_style addthis_24x24_style\"><a class=\"addthis_button_email\"><\/a><a class=\"addthis_button_facebook\"><\/a><a class=\"addthis_button_twitter\"><\/a><a class=\"addthis_button_pinterest_share\"><\/a><a class=\"addthis_button_google_plusone_share\"><\/a><a class=\"addthis_button_compact\"><\/a><\/div>\n<p><script type=\"text\/javascript\" src=\"http:\/\/s7.addthis.com\/js\/300\/addthis_widget.js#pubid=undefined\"><\/script><br \/>\n<!-- AddThis Button END --><\/p>\n","protected":false},"excerpt":{"rendered":"<p>Culture Les spectacles de l&#8217;Espace K\u00e9raudy L&#8217;espace K\u00e9raudy \u00e0 Plougonvelin f\u00eate ses 10&nbsp;ans. La programmation est tr\u00e8s int\u00e9ressante, avec aussi de nombreuses activit\u00e9s et animations culturelles. Vous trouverez ci-dessous les spectacles de la saison 2015-2016 avec des liens donnant des informations compl\u00e9mentaires.<\/p>\n","protected":false},"author":1,"featured_media":1865,"comment_status":"closed","ping_status":"closed","sticky":false,"template":"","format":"link","meta":[],"categories":[3,29],"tags":[],"_links":{"self":[{"href":"https:\/\/photos-infographiste.com\/diario\/wp-json\/wp\/v2\/posts\/1705"}],"collection":[{"href":"https:\/\/photos-infographiste.com\/diario\/wp-json\/wp\/v2\/posts"}],"about":[{"href":"https:\/\/photos-infographiste.com\/diario\/wp-json\/wp\/v2\/types\/post"}],"author":[{"embeddable":true,"href":"https:\/\/photos-infographiste.com\/diario\/wp-json\/wp\/v2\/users\/1"}],"replies":[{"embeddable":true,"href":"https:\/\/photos-infographiste.com\/diario\/wp-json\/wp\/v2\/comments?post=1705"}],"version-history":[{"count":172,"href":"https:\/\/photos-infographiste.com\/diario\/wp-json\/wp\/v2\/posts\/1705\/revisions"}],"predecessor-version":[{"id":4292,"href":"https:\/\/photos-infographiste.com\/diario\/wp-json\/wp\/v2\/posts\/1705\/revisions\/4292"}],"wp:featuredmedia":[{"embeddable":true,"href":"https:\/\/photos-infographiste.com\/diario\/wp-json\/wp\/v2\/media\/1865"}],"wp:attachment":[{"href":"https:\/\/photos-infographiste.com\/diario\/wp-json\/wp\/v2\/media?parent=1705"}],"wp:term":[{"taxonomy":"category","embeddable":true,"href":"https:\/\/photos-infographiste.com\/diario\/wp-json\/wp\/v2\/categories?post=1705"},{"taxonomy":"post_tag","embeddable":true,"href":"https:\/\/photos-infographiste.com\/diario\/wp-json\/wp\/v2\/tags?post=1705"}],"curies":[{"name":"wp","href":"https:\/\/api.w.org\/{rel}","templated":true}]}}