{"id":3278,"date":"2017-07-19T17:34:09","date_gmt":"2017-07-19T17:34:09","guid":{"rendered":"https:\/\/photos-infographiste.com\/diario\/?p=3278"},"modified":"2023-08-15T11:22:11","modified_gmt":"2023-08-15T11:22:11","slug":"horaire-des-marees-et-meteo-en-pays-diroise","status":"publish","type":"post","link":"https:\/\/photos-infographiste.com\/diario\/horaire-des-marees-et-meteo-en-pays-diroise\/","title":{"rendered":"Horaire mar\u00e9es"},"content":{"rendered":"<blockquote><p>Mar\u00e9e haute ou mar\u00e9e basse<\/p><\/blockquote>\n<h1>Horaire des mar\u00e9es et m\u00e9t\u00e9o en pays du Tr\u00e9gor<\/h1>\n<h6><a href=\"https:\/\/photos-infographiste.com\/diario\/wp-content\/uploads\/2017\/07\/iphone_4.jpg\" target=\"_blank\" rel=\"noopener\"><img loading=\"lazy\" src=\"https:\/\/photos-infographiste.com\/diario\/wp-content\/uploads\/2017\/07\/iphone_4-225x300.jpg\" alt=\"iphone_4\" width=\"225\" height=\"300\" class=\"alignleftm\" \/><\/a>Vous&nbsp;souhaitez conna\u00eetre l&#8217;horaire des mar\u00e9es du jour (Trebeurden et Locquirec), acc\u00e9der \u00e0 de nombreuses ressources m\u00e9t\u00e9orologiques : vue satellite, m\u00e9t\u00e9o des plages, m\u00e9t\u00e9o marine ; v\u00e9rifier la qualit\u00e9 des eaux de baignade (Plestin-Les-Gr\u00e8ves).<br \/>Le lien : <a href=\"http:\/\/bit.ly\/2uardGB\" title=\"Horaire des mar\u00e9es et sites m\u00e9t\u00e9orologiques\" target=\"_blank\" rel=\"noopener\">http:\/\/bit.ly\/2uardGB<\/a>.<\/br> Ci-dessous, l&#8217;icone pour acc\u00e8s rapide \u00e0 ins\u00e9rer sur l&#8217;\u00e9cran d&#8217;accueil (iphone, android, etc&#8230;), selon la proc\u00e9dure de votre navigateur : safari, chrome, op\u00e9ra &#8230;<\/h6>\n<div class=\"net\">&nbsp;<\/div>\n<p><a href=\"http:\/\/bit.ly\/2uardGB\" title=\"horaires des mar\u00e9es Locquirec (29)\" target=\"_blank\" rel=\"noopener\"><img loading=\"lazy\" src=\"https:\/\/photos-infographiste.com\/diario\/wp-content\/uploads\/2017\/07\/favicon-meteo-bureau-150.jpg\" alt=\"Horaire des mar\u00e9es - Locquirec\" width=\"150\" height=\"150\" class=\"alignleftm_25\" \/><\/a><a href=\"https:\/\/photos-infographiste.com\/diario\/wp-content\/uploads\/2017\/07\/horaire-des-marees1.jpg\" target=\"_blank\" rel=\"noopener\"><img loading=\"lazy\" src=\"https:\/\/photos-infographiste.com\/diario\/wp-content\/uploads\/2017\/07\/horaire-des-marees1-151x300.jpg\" alt=\"horaire des mar\u00e9es et ressources m\u00e9t\u00e9orologiques - Plestin-Les-Gr\u00e8ves\" width=\"75\" height=\"150\" class=\"alignleft\" \/><\/a><\/p>\n","protected":false},"excerpt":{"rendered":"<p>Mar\u00e9e haute ou mar\u00e9e basse Horaire des mar\u00e9es et m\u00e9t\u00e9o en pays du Tr\u00e9gor Vous&nbsp;souhaitez conna\u00eetre l&#8217;horaire des mar\u00e9es du jour (Trebeurden et Locquirec), acc\u00e9der \u00e0 de nombreuses ressources m\u00e9t\u00e9orologiques : vue satellite, m\u00e9t\u00e9o des plages, m\u00e9t\u00e9o marine ; v\u00e9rifier la qualit\u00e9 des eaux de baignade (Plestin-Les-Gr\u00e8ves).Le lien : http:\/\/bit.ly\/2uardGB. Ci-dessous, l&#8217;icone pour acc\u00e8s rapide &hellip; <a href=\"https:\/\/photos-infographiste.com\/diario\/horaire-des-marees-et-meteo-en-pays-diroise\/\" class=\"more-link\">Continuer la lecture de <span class=\"screen-reader-text\">Horaire mar\u00e9es<\/span> <span class=\"meta-nav\">&rarr;<\/span><\/a><\/p>\n","protected":false},"author":1,"featured_media":3282,"comment_status":"closed","ping_status":"closed","sticky":false,"template":"","format":"quote","meta":[],"categories":[29],"tags":[],"_links":{"self":[{"href":"https:\/\/photos-infographiste.com\/diario\/wp-json\/wp\/v2\/posts\/3278"}],"collection":[{"href":"https:\/\/photos-infographiste.com\/diario\/wp-json\/wp\/v2\/posts"}],"about":[{"href":"https:\/\/photos-infographiste.com\/diario\/wp-json\/wp\/v2\/types\/post"}],"author":[{"embeddable":true,"href":"https:\/\/photos-infographiste.com\/diario\/wp-json\/wp\/v2\/users\/1"}],"replies":[{"embeddable":true,"href":"https:\/\/photos-infographiste.com\/diario\/wp-json\/wp\/v2\/comments?post=3278"}],"version-history":[{"count":25,"href":"https:\/\/photos-infographiste.com\/diario\/wp-json\/wp\/v2\/posts\/3278\/revisions"}],"predecessor-version":[{"id":4989,"href":"https:\/\/photos-infographiste.com\/diario\/wp-json\/wp\/v2\/posts\/3278\/revisions\/4989"}],"wp:featuredmedia":[{"embeddable":true,"href":"https:\/\/photos-infographiste.com\/diario\/wp-json\/wp\/v2\/media\/3282"}],"wp:attachment":[{"href":"https:\/\/photos-infographiste.com\/diario\/wp-json\/wp\/v2\/media?parent=3278"}],"wp:term":[{"taxonomy":"category","embeddable":true,"href":"https:\/\/photos-infographiste.com\/diario\/wp-json\/wp\/v2\/categories?post=3278"},{"taxonomy":"post_tag","embeddable":true,"href":"https:\/\/photos-infographiste.com\/diario\/wp-json\/wp\/v2\/tags?post=3278"}],"curies":[{"name":"wp","href":"https:\/\/api.w.org\/{rel}","templated":true}]}}