{"id":4397,"date":"2019-04-17T13:38:45","date_gmt":"2019-04-17T13:38:45","guid":{"rendered":"https:\/\/photos-infographiste.com\/diario\/?p=4397"},"modified":"2019-04-17T13:54:14","modified_gmt":"2019-04-17T13:54:14","slug":"notre-dame-de-paris","status":"publish","type":"post","link":"https:\/\/photos-infographiste.com\/diario\/notre-dame-de-paris\/","title":{"rendered":"Notre-Dame de Paris"},"content":{"rendered":"<blockquote><p>An 2008<\/p><\/blockquote>\n<h1>Notre-Dame-de-Paris<\/H1><\/p>\n<h6><img loading=\"lazy\" src=\"https:\/\/photos-infographiste.com\/diario\/wp-content\/uploads\/2019\/04\/notre-dame-300.jpg\" alt=\"La Cath\u00e9drale Notre-Dame-de-Paris\" width=\"300\" height=\"199\" class=\"alignleftm\" style=\"border:solid 1px #ddd;\"  \/>La construction de la Cath\u00e9drale Notre-Dame-de-Paris a commenc\u00e9 en 1163, elle s&#8217;\u00e9tend sur plus de deux si\u00e8cles&#8230; Les photos pr\u00e9sent\u00e9es ci-dessous ont \u00e9t\u00e9 r\u00e9alis\u00e9es en avril 2008, bien avant le terrible incendie du 15 avril 2019. Pour en savoir plus, le site officiel :<a href=\"http:\/\/www.notredamedeparis.fr\/\" title=\"http:\/\/www.notredamedeparis.fr\/\" rel=\"noopener\" target=\"_blank\"> http:\/\/www.notredamedeparis.fr\/<\/a> et les informations d\u00e9taill\u00e9es depuis le site <a href=\"https:\/\/fr.wikipedia.org\/wiki\/Cath%C3%A9drale_Notre-Dame_de_Paris\" rel=\"noopener\" target=\"_blank\">wikip\u00e9dia<\/a><\/h6>\n<p><!--more--><\/p>\n<p>&nbsp;<\/p>\n<div class=\"gmedia_gallery phantom_module\" id=\"GmediaGallery_44\" data-gallery=\"44\" data-module=\"phantom\"><div class=\"gmPhantom_Container delay\">\r\n\t<div class=\"gmPhantom_Background\"><\/div>\r\n\t<div class=\"gmPhantom_thumbsWrapper\">\r\n\t\t<div class=\"gmPhantom_ThumbContainer gmPhantom_ThumbLoader\" data-ratio=\"1.3333333333333\/0.66333333333333\" style=\"width:176px;height:132px;\" data-no=\"0\"><div class=\"gmPhantom_Thumb\"><img style=\"margin:-25% 0 0 0;\" class=\"portrait\" src=\"https:\/\/photos-infographiste.com\/diario\/wp-content\/grand-media\/image\/thumb\/notre-dame-06.jpg\" alt=\"Notre-dame-06\" \/><\/div><\/div><div class=\"gmPhantom_ThumbContainer gmPhantom_ThumbLoader\" data-ratio=\"1.3333333333333\/1.5075376884422\" style=\"width:176px;height:132px;\" data-no=\"1\"><div class=\"gmPhantom_Thumb\"><img style=\"margin:0 0 0 -6%;\" class=\"landscape\" src=\"https:\/\/photos-infographiste.com\/diario\/wp-content\/grand-media\/image\/thumb\/notre-dame-07.jpg\" alt=\"Notre-dame-07\" \/><\/div><\/div><div class=\"gmPhantom_ThumbContainer gmPhantom_ThumbLoader\" data-ratio=\"1.3333333333333\/1.5075376884422\" style=\"width:176px;height:132px;\" data-no=\"2\"><div class=\"gmPhantom_Thumb\"><img style=\"margin:0 0 0 -6%;\" class=\"landscape\" src=\"https:\/\/photos-infographiste.com\/diario\/wp-content\/grand-media\/image\/thumb\/paris-france-128.jpg\" alt=\"Paris-france-128\" \/><\/div><\/div><div class=\"gmPhantom_ThumbContainer gmPhantom_ThumbLoader\" data-ratio=\"1.3333333333333\/1.5075376884422\" style=\"width:176px;height:132px;\" data-no=\"3\"><div class=\"gmPhantom_Thumb\"><img style=\"margin:0 0 0 -6%;\" class=\"landscape\" src=\"https:\/\/photos-infographiste.com\/diario\/wp-content\/grand-media\/image\/thumb\/notre-dame-02.jpg\" alt=\"Notre-dame-02\" \/><\/div><\/div><div class=\"gmPhantom_ThumbContainer gmPhantom_ThumbLoader\" data-ratio=\"1.3333333333333\/1.5075376884422\" style=\"width:176px;height:132px;\" data-no=\"4\"><div class=\"gmPhantom_Thumb\"><img style=\"margin:0 0 0 -6%;\" class=\"landscape\" src=\"https:\/\/photos-infographiste.com\/diario\/wp-content\/grand-media\/image\/thumb\/notre-dame-05.jpg\" alt=\"Notre-dame-05\" \/><\/div><\/div><div class=\"gmPhantom_ThumbContainer gmPhantom_ThumbLoader\" data-ratio=\"1.3333333333333\/1.5075376884422\" style=\"width:176px;height:132px;\" data-no=\"5\"><div class=\"gmPhantom_Thumb\"><img style=\"margin:0 0 0 -6%;\" class=\"landscape\" src=\"https:\/\/photos-infographiste.com\/diario\/wp-content\/grand-media\/image\/thumb\/notre-dame-09.jpg\" alt=\"Notre-dame-09\" \/><\/div><\/div><div class=\"gmPhantom_ThumbContainer gmPhantom_ThumbLoader\" data-ratio=\"1.3333333333333\/1.5075376884422\" style=\"width:176px;height:132px;\" data-no=\"6\"><div class=\"gmPhantom_Thumb\"><img style=\"margin:0 0 0 -6%;\" class=\"landscape\" src=\"https:\/\/photos-infographiste.com\/diario\/wp-content\/grand-media\/image\/thumb\/notre-dame-03.jpg\" alt=\"Notre-dame-03\" \/><\/div><\/div><div class=\"gmPhantom_ThumbContainer gmPhantom_ThumbLoader\" data-ratio=\"1.3333333333333\/1.5075376884422\" style=\"width:176px;height:132px;\" data-no=\"7\"><div class=\"gmPhantom_Thumb\"><img style=\"margin:0 0 0 -6%;\" class=\"landscape\" src=\"https:\/\/photos-infographiste.com\/diario\/wp-content\/grand-media\/image\/thumb\/notre-dame-04.jpg\" alt=\"Notre-dame-04\" \/><\/div><\/div><div class=\"gmPhantom_ThumbContainer gmPhantom_ThumbLoader\" data-ratio=\"1.3333333333333\/1.5075376884422\" style=\"width:176px;height:132px;\" data-no=\"8\"><div class=\"gmPhantom_Thumb\"><img style=\"margin:0 0 0 -6%;\" class=\"landscape\" src=\"https:\/\/photos-infographiste.com\/diario\/wp-content\/grand-media\/image\/thumb\/paris-france-113.jpg\" alt=\"Paris-france-113\" \/><\/div><\/div><div class=\"gmPhantom_ThumbContainer gmPhantom_ThumbLoader\" data-ratio=\"1.3333333333333\/1.5075376884422\" style=\"width:176px;height:132px;\" data-no=\"9\"><div class=\"gmPhantom_Thumb\"><img style=\"margin:0 0 0 -6%;\" class=\"landscape\" src=\"https:\/\/photos-infographiste.com\/diario\/wp-content\/grand-media\/image\/thumb\/notre-dame-01.jpg\" alt=\"Notre-dame-01\" \/><\/div><\/div><div class=\"gmPhantom_ThumbContainer gmPhantom_ThumbLoader\" data-ratio=\"1.3333333333333\/1.5075376884422\" style=\"width:176px;height:132px;\" data-no=\"10\"><div class=\"gmPhantom_Thumb\"><img style=\"margin:0 0 0 -6%;\" class=\"landscape\" src=\"https:\/\/photos-infographiste.com\/diario\/wp-content\/grand-media\/image\/thumb\/notre-dame-08.jpg\" alt=\"Notre-dame-08\" \/><\/div><\/div><br style=\"clear:both;\" \/>\r\n\t<\/div>\r\n<\/div>\r\n\r\n<\/div>\n\n\t\t\t\t<div id=\"map_ol3js_1\" class=\"map undefined\" data-map_name=\"undefined\" data-map=\"map_ol3js_1\" style=\"width:100%; height:450px; overflow:hidden;border:2px solid grey;\" >\n\t\t\t\t  <div id=\"map_ol3js_1_popup\" class=\"ol-popup\" >\n\t\t\t\t\t<a href=\"#\" id=\"map_ol3js_1_popup-closer\" class=\"ol-popup-closer\"><\/a>\n\t\t\t\t\t<div id=\"map_ol3js_1_popup-content\" ><\/div>\n\t\t\t\t  <\/div>\n\t\t\t\t<\/div>\n\t\t\t\n\t\t\t\t<link rel=\"stylesheet\" href=\"https:\/\/photos-infographiste.com\/diario\/wp-content\/plugins\/osm\/js\/OL\/4.5.0\/css\/ol.css\" type=\"text\/css\">\n\t\t\t\t<link rel=\"stylesheet\" href=\"https:\/\/photos-infographiste.com\/diario\/wp-content\/plugins\/osm\/css\/osm_map_v3.css\" type=\"text\/css\">\n\t\t\t\t<link rel=\"stylesheet\" href=\"https:\/\/photos-infographiste.com\/diario\/wp-content\/plugins\/osm\/css\/osm_map.css\" type=\"text\/css\">\n\t\t\t\t<!-- The line below is only needed for old environments like Internet Explorer and Android 4.x -->\n\t\t\t\t<script src=\"https:\/\/cdn.polyfill.io\/v2\/polyfill.min.js?features=requestAnimationFrame,Element.prototype.classList,URL\"><\/script>\n\n\t\t\t\t<script src=\"https:\/\/photos-infographiste.com\/diario\/wp-content\/plugins\/osm\/js\/OL\/4.5.0\/ol.js\" type=\"text\/javascript\"><\/script>\n\t\t\t\t<script src=\"https:\/\/photos-infographiste.com\/diario\/wp-content\/plugins\/osm\/js\/osm-v3-plugin-lib.js\" type=\"text\/javascript\"><\/script>\n\t\t\t\t<script src=\"https:\/\/photos-infographiste.com\/diario\/wp-content\/plugins\/osm\/js\/osm-metabox-events.js\" type=\"text\/javascript\"><\/script>\n\t\t\t\t<script src=\"https:\/\/photos-infographiste.com\/diario\/wp-content\/plugins\/osm\/js\/osm-startup-lib.js\" type=\"text\/javascript\"><\/script>\n\t\t\t\t<script type=\"text\/javascript\">\n\t\t\t\t\ttranslations['openlayer'] = \"open layer\";\n\t\t\t\t\ttranslations['openlayerAtStartup'] = \"open layer at startup\";\n\t\t\t\t\ttranslations['generateLink'] = \"link to this map with opened layers\";\n\t\t\t\t\ttranslations['shortDescription'] = \"short description\";\n\t\t\t\t\ttranslations['generatedShortCode'] = \"to get a text control link paste this code in your wordpress editor\";\n\t\t\t\t\ttranslations['closeLayer'] = \"close layer\";\n\t\t\t\t\ttranslations['cantGenerateLink'] = \"put this string in the existing map short code to control this map\";\n\t\t\t\t<\/script>\n\n\t\t\t  <script type=\"text\/javascript\">vectorM['map_ol3js_1'] = [];\n\n\tvar attribution = new ol.control.Attribution({\n        collapsible: false\n      });\n      \n      var raster = new ol.layer.Tile({\n        source: new ol.source.OSM({ })\n      });\n      var Controls = ol.control.defaults({ attribution: false }).extend([\n          attribution\n      ]); \n\t\t\t  map_ol3js_1 = new ol.Map({\n\t\tcontrols: Controls,\n\t\t\n\t\t\t\tinteractions: ol.interaction.defaults({mouseWheelZoom:false}),\n\t\t\t\tlayers: [raster],\n\t\t\t\ttarget: \"map_ol3js_1\",\n\t\t\t\tview: new ol.View({\n\t\t\t\t  center: ol.proj.transform([2.3574,48.8518], \"EPSG:4326\", \"EPSG:3857\"),\n\t\t\t\t  zoom: 16\n\t\t\t\t})\n\t\t\t  });\n\t\t\t  osm_addMarkerLayer(map_ol3js_1,2.3579,48.8512,\"https:\/\/photos-infographiste.com\/diario\/wp-content\/plugins\/osm\/icons\/mic_black_camera_01.png\",-16,-41,\"  <\/a><br>\") ; \n\t\t  var osm_controls = [\n\t\t\tnew ol.control.Attribution(),\n\t\t\tnew ol.control.MousePosition({\n\t\t\t  undefinedHTML: \"outside\",\n\t\t\t  projection: \"EPSG:4326\",\n\t\t\t  coordinateFormat: function(coordinate) {\n\t\t\t\t return ol.coordinate.format(coordinate, \"{y}, {x}\", 4);\n\t\t\t  }\n\t\t\t}),\n\t\t\tnew ol.control.OverviewMap({\n\t\t\t  collapsed: false\n\t\t\t}),\n\t\t\tnew ol.control.Rotate({\n\t\t\t  autoHide: false\n\t\t\t}),\n\t\t\tnew ol.control.ScaleLine(),\n\t\t\tnew ol.control.Zoom(),\n\t\t\tnew ol.control.ZoomSlider(),\n\t\t\tnew ol.control.ZoomToExtent({\n      extent: [-11243808.051695308, 1.202710291, 9561377.290892059, 6852382.107835932]\n    }),\n\t\t\tnew ol.control.FullScreen()\n\t\t  ]; \nosm_addPopupClickhandler(map_ol3js_1,  \"map_ol3js_1\"); \nosm_addMouseHover(map_ol3js_1); <\/script>\n","protected":false},"excerpt":{"rendered":"<p>An 2008 Notre-Dame-de-Paris La construction de la Cath\u00e9drale Notre-Dame-de-Paris a commenc\u00e9 en 1163, elle s&#8217;\u00e9tend sur plus de deux si\u00e8cles&#8230; Les photos pr\u00e9sent\u00e9es ci-dessous ont \u00e9t\u00e9 r\u00e9alis\u00e9es en avril 2008, bien avant le terrible incendie du 15 avril 2019. Pour en savoir plus, le site officiel : http:\/\/www.notredamedeparis.fr\/ et les informations d\u00e9taill\u00e9es depuis le site &hellip; <a href=\"https:\/\/photos-infographiste.com\/diario\/notre-dame-de-paris\/\" class=\"more-link\">Continuer la lecture de <span class=\"screen-reader-text\">Notre-Dame de Paris<\/span> <span class=\"meta-nav\">&rarr;<\/span><\/a><\/p>\n","protected":false},"author":1,"featured_media":4404,"comment_status":"closed","ping_status":"closed","sticky":false,"template":"","format":"quote","meta":[],"categories":[32,29],"tags":[],"_links":{"self":[{"href":"https:\/\/photos-infographiste.com\/diario\/wp-json\/wp\/v2\/posts\/4397"}],"collection":[{"href":"https:\/\/photos-infographiste.com\/diario\/wp-json\/wp\/v2\/posts"}],"about":[{"href":"https:\/\/photos-infographiste.com\/diario\/wp-json\/wp\/v2\/types\/post"}],"author":[{"embeddable":true,"href":"https:\/\/photos-infographiste.com\/diario\/wp-json\/wp\/v2\/users\/1"}],"replies":[{"embeddable":true,"href":"https:\/\/photos-infographiste.com\/diario\/wp-json\/wp\/v2\/comments?post=4397"}],"version-history":[{"count":10,"href":"https:\/\/photos-infographiste.com\/diario\/wp-json\/wp\/v2\/posts\/4397\/revisions"}],"predecessor-version":[{"id":4410,"href":"https:\/\/photos-infographiste.com\/diario\/wp-json\/wp\/v2\/posts\/4397\/revisions\/4410"}],"wp:featuredmedia":[{"embeddable":true,"href":"https:\/\/photos-infographiste.com\/diario\/wp-json\/wp\/v2\/media\/4404"}],"wp:attachment":[{"href":"https:\/\/photos-infographiste.com\/diario\/wp-json\/wp\/v2\/media?parent=4397"}],"wp:term":[{"taxonomy":"category","embeddable":true,"href":"https:\/\/photos-infographiste.com\/diario\/wp-json\/wp\/v2\/categories?post=4397"},{"taxonomy":"post_tag","embeddable":true,"href":"https:\/\/photos-infographiste.com\/diario\/wp-json\/wp\/v2\/tags?post=4397"}],"curies":[{"name":"wp","href":"https:\/\/api.w.org\/{rel}","templated":true}]}}