{"id":4412,"date":"2019-05-03T13:14:36","date_gmt":"2019-05-03T13:14:36","guid":{"rendered":"https:\/\/photos-infographiste.com\/diario\/?p=4412"},"modified":"2019-05-03T13:19:52","modified_gmt":"2019-05-03T13:19:52","slug":"la-grande-phare-fouille-plougonvelin","status":"publish","type":"post","link":"https:\/\/photos-infographiste.com\/diario\/la-grande-phare-fouille-plougonvelin\/","title":{"rendered":"Phare fouille"},"content":{"rendered":"<blockquote><p>Vide-Grenier<\/p><\/blockquote>\n<h1>La Grande Phare-Fouille<\/h1>\n<h6><a href=\"https:\/\/photos-infographiste.com\/diario\/wp-content\/uploads\/2019\/05\/plougonvelin-saint-mathieu.jpg\" target=\"_blank\" title=\"la grande phare fouille \u00e0 plougonvelin - saint-mathieu\"><img loading=\"lazy\" src=\"https:\/\/photos-infographiste.com\/diario\/wp-content\/uploads\/2019\/05\/plougonvelin-saint-mathieu-300x199.jpg\" alt=\"plougonvelin-saint-mathieu\" width=\"300\" height=\"199\" class=\"alignleftm\" style=\"border:solid 1px #ddd;\" \/><\/a>La&nbsp;grande phare fouille se tiendra le 12 mai 2019 \u00e0 l&#8217;Enclos des Moines \u00e0 la Pointe Saint-Mathieu \u00e0 Plougonvelin. IL s&#8217;agira de la septi\u00e8me \u00e9dition. L&#8217;entr\u00e9e sera \u00e0 1,50&nbsp;euros et gratuit pour les moins de 12&nbsp;ans. Au programme&nbsp;: vide-greniers et concerts, buvette et restauration sur place. Parainnage d&#8217;\u00e9l\u00e8ves au Burkina-Faso.<\/h6>\n<p><!--more--><br \/>\n<a href=\"https:\/\/photos-infographiste.com\/diario\/wp-content\/uploads\/2019\/05\/vide-grenier-saint-mathieu-12-mai.jpg\" target=_blank\" title=\"la grande phare fouille \u00e0 plougonvelin - saint-mathieu\"><img loading=\"lazy\" src=\"https:\/\/photos-infographiste.com\/diario\/wp-content\/uploads\/2019\/05\/vide-grenier-saint-mathieu-12-mai-200x300.jpg\" alt=\"vide-grenier-saint-mathieu-12-mai\" width=\"200\" height=\"300\" class=\"alignleftm\" \/><\/a><\/p>\n<h6>Renseignements et r\u00e9servations au 06.80.44.81.01.<br \/>Courriel&nbsp;: pharefouille@hotmail.fr<\/h6>\n\n\t\t\t\t<div id=\"map_ol3js_1\" class=\"map undefined\" data-map_name=\"undefined\" data-map=\"map_ol3js_1\" style=\"width:100%; height:450px; overflow:hidden;border:2px solid grey;\" >\n\t\t\t\t  <div id=\"map_ol3js_1_popup\" class=\"ol-popup\" >\n\t\t\t\t\t<a href=\"#\" id=\"map_ol3js_1_popup-closer\" class=\"ol-popup-closer\"><\/a>\n\t\t\t\t\t<div id=\"map_ol3js_1_popup-content\" ><\/div>\n\t\t\t\t  <\/div>\n\t\t\t\t<\/div>\n\t\t\t\n\t\t\t\t<link rel=\"stylesheet\" href=\"https:\/\/photos-infographiste.com\/diario\/wp-content\/plugins\/osm\/js\/OL\/4.5.0\/css\/ol.css\" type=\"text\/css\">\n\t\t\t\t<link rel=\"stylesheet\" href=\"https:\/\/photos-infographiste.com\/diario\/wp-content\/plugins\/osm\/css\/osm_map_v3.css\" type=\"text\/css\">\n\t\t\t\t<link rel=\"stylesheet\" href=\"https:\/\/photos-infographiste.com\/diario\/wp-content\/plugins\/osm\/css\/osm_map.css\" type=\"text\/css\">\n\t\t\t\t<!-- The line below is only needed for old environments like Internet Explorer and Android 4.x -->\n\t\t\t\t<script src=\"https:\/\/cdn.polyfill.io\/v2\/polyfill.min.js?features=requestAnimationFrame,Element.prototype.classList,URL\"><\/script>\n\n\t\t\t\t<script src=\"https:\/\/photos-infographiste.com\/diario\/wp-content\/plugins\/osm\/js\/OL\/4.5.0\/ol.js\" type=\"text\/javascript\"><\/script>\n\t\t\t\t<script src=\"https:\/\/photos-infographiste.com\/diario\/wp-content\/plugins\/osm\/js\/osm-v3-plugin-lib.js\" type=\"text\/javascript\"><\/script>\n\t\t\t\t<script src=\"https:\/\/photos-infographiste.com\/diario\/wp-content\/plugins\/osm\/js\/osm-metabox-events.js\" type=\"text\/javascript\"><\/script>\n\t\t\t\t<script src=\"https:\/\/photos-infographiste.com\/diario\/wp-content\/plugins\/osm\/js\/osm-startup-lib.js\" type=\"text\/javascript\"><\/script>\n\t\t\t\t<script type=\"text\/javascript\">\n\t\t\t\t\ttranslations['openlayer'] = \"open layer\";\n\t\t\t\t\ttranslations['openlayerAtStartup'] = \"open layer at startup\";\n\t\t\t\t\ttranslations['generateLink'] = \"link to this map with opened layers\";\n\t\t\t\t\ttranslations['shortDescription'] = \"short description\";\n\t\t\t\t\ttranslations['generatedShortCode'] = \"to get a text control link paste this code in your wordpress editor\";\n\t\t\t\t\ttranslations['closeLayer'] = \"close layer\";\n\t\t\t\t\ttranslations['cantGenerateLink'] = \"put this string in the existing map short code to control this map\";\n\t\t\t\t<\/script>\n\n\t\t\t  <script type=\"text\/javascript\">vectorM['map_ol3js_1'] = [];\n\n\tvar attribution = new ol.control.Attribution({\n        collapsible: false\n      });\n      \n      var raster = new ol.layer.Tile({\n        source: new ol.source.OSM({ })\n      });\n      var Controls = ol.control.defaults({ attribution: false }).extend([\n          attribution\n      ]); \n\t\t\t  map_ol3js_1 = new ol.Map({\n\t\tcontrols: Controls,\n\t\t\n\t\t\t\tinteractions: ol.interaction.defaults({mouseWheelZoom:false}),\n\t\t\t\tlayers: [raster],\n\t\t\t\ttarget: \"map_ol3js_1\",\n\t\t\t\tview: new ol.View({\n\t\t\t\t  center: ol.proj.transform([-4.7004,48.3517], \"EPSG:4326\", \"EPSG:3857\"),\n\t\t\t\t  zoom: 13\n\t\t\t\t})\n\t\t\t  });\n\t\t\t  osm_addMarkerLayer(map_ol3js_1,-4.7699,48.3325,\"https:\/\/photos-infographiste.com\/diario\/wp-content\/plugins\/osm\/icons\/mic_black_camera_01.png\",-16,-41,\"  <\/a><br>\") ; \n\t\t  var osm_controls = [\n\t\t\tnew ol.control.Attribution(),\n\t\t\tnew ol.control.MousePosition({\n\t\t\t  undefinedHTML: \"outside\",\n\t\t\t  projection: \"EPSG:4326\",\n\t\t\t  coordinateFormat: function(coordinate) {\n\t\t\t\t return ol.coordinate.format(coordinate, \"{y}, {x}\", 4);\n\t\t\t  }\n\t\t\t}),\n\t\t\tnew ol.control.OverviewMap({\n\t\t\t  collapsed: false\n\t\t\t}),\n\t\t\tnew ol.control.Rotate({\n\t\t\t  autoHide: false\n\t\t\t}),\n\t\t\tnew ol.control.ScaleLine(),\n\t\t\tnew ol.control.Zoom(),\n\t\t\tnew ol.control.ZoomSlider(),\n\t\t\tnew ol.control.ZoomToExtent({\n      extent: [-11243808.051695308, 1.202710291, 9561377.290892059, 6852382.107835932]\n    }),\n\t\t\tnew ol.control.FullScreen()\n\t\t  ]; \nosm_addPopupClickhandler(map_ol3js_1,  \"map_ol3js_1\"); \nosm_addMouseHover(map_ol3js_1); <\/script>\n","protected":false},"excerpt":{"rendered":"<p>Vide-Grenier La Grande Phare-Fouille La&nbsp;grande phare fouille se tiendra le 12 mai 2019 \u00e0 l&#8217;Enclos des Moines \u00e0 la Pointe Saint-Mathieu \u00e0 Plougonvelin. IL s&#8217;agira de la septi\u00e8me \u00e9dition. L&#8217;entr\u00e9e sera \u00e0 1,50&nbsp;euros et gratuit pour les moins de 12&nbsp;ans. Au programme&nbsp;: vide-greniers et concerts, buvette et restauration sur place. Parainnage d&#8217;\u00e9l\u00e8ves au Burkina-Faso.<\/p>\n","protected":false},"author":1,"featured_media":4422,"comment_status":"closed","ping_status":"closed","sticky":false,"template":"","format":"image","meta":[],"categories":[29],"tags":[],"_links":{"self":[{"href":"https:\/\/photos-infographiste.com\/diario\/wp-json\/wp\/v2\/posts\/4412"}],"collection":[{"href":"https:\/\/photos-infographiste.com\/diario\/wp-json\/wp\/v2\/posts"}],"about":[{"href":"https:\/\/photos-infographiste.com\/diario\/wp-json\/wp\/v2\/types\/post"}],"author":[{"embeddable":true,"href":"https:\/\/photos-infographiste.com\/diario\/wp-json\/wp\/v2\/users\/1"}],"replies":[{"embeddable":true,"href":"https:\/\/photos-infographiste.com\/diario\/wp-json\/wp\/v2\/comments?post=4412"}],"version-history":[{"count":9,"href":"https:\/\/photos-infographiste.com\/diario\/wp-json\/wp\/v2\/posts\/4412\/revisions"}],"predecessor-version":[{"id":4424,"href":"https:\/\/photos-infographiste.com\/diario\/wp-json\/wp\/v2\/posts\/4412\/revisions\/4424"}],"wp:featuredmedia":[{"embeddable":true,"href":"https:\/\/photos-infographiste.com\/diario\/wp-json\/wp\/v2\/media\/4422"}],"wp:attachment":[{"href":"https:\/\/photos-infographiste.com\/diario\/wp-json\/wp\/v2\/media?parent=4412"}],"wp:term":[{"taxonomy":"category","embeddable":true,"href":"https:\/\/photos-infographiste.com\/diario\/wp-json\/wp\/v2\/categories?post=4412"},{"taxonomy":"post_tag","embeddable":true,"href":"https:\/\/photos-infographiste.com\/diario\/wp-json\/wp\/v2\/tags?post=4412"}],"curies":[{"name":"wp","href":"https:\/\/api.w.org\/{rel}","templated":true}]}}