{"id":4426,"date":"2018-08-12T10:42:40","date_gmt":"2018-08-12T10:42:40","guid":{"rendered":"https:\/\/photos-infographiste.com\/diario\/?p=4426"},"modified":"2020-02-25T10:01:12","modified_gmt":"2020-02-25T10:01:12","slug":"les-echos-de-plougonvelin","status":"publish","type":"post","link":"https:\/\/photos-infographiste.com\/diario\/les-echos-de-plougonvelin\/","title":{"rendered":"Les \u00e9chos de Plougonvelin"},"content":{"rendered":"<blockquote><p>Gazette &amp; Toiles<\/p><\/blockquote>\n<h1>Les Echos de Plougonvelin et le programme Cin\u00e9ma &#8220;Les Allum\u00e9s de la Grande Toile&#8221;<\/h1>\n<p><img loading=\"lazy\" class=\"alignleftm\" src=\"https:\/\/photos-infographiste.com\/diario\/wp-content\/uploads\/2018\/10\/programme-cinema.jpg\" alt=\"Programme cin\u00e9ma, les allum\u00e9s de la grande toile au Trez-Hir \u00e0 Plougonvelin\" width=\"105\" height=\"142\" \/><\/p>\n<h6>Programme du cin\u00e9ma Les Allum\u00e9s de la Grande Toile<\/h6>\n<p><a href=\"https:\/\/photos-infographiste.com\/dload\/programme.pdf\">T\u00e9l\u00e9charger le programme du cin\u00e9ma les Allum\u00e9s de la Grande Toile au Trez-Hir \u00e0 Plougonvelin du 26&nbsp;f\u00e9vrier au 15&nbsp;mars 2020<\/a><br \/>\n&nbsp;<\/p>\n<div class=\"net\"><\/div>\n<p><a href=\"https:\/\/photos-infographiste.com\/diario\/wp-content\/uploads\/2019\/05\/bulletin-communal-plougonvelin-mai-2019.png\" target=\"_blank\"><img loading=\"lazy\" class=\"alignleftm\" src=\"https:\/\/photos-infographiste.com\/diario\/wp-content\/uploads\/2019\/05\/bulletin-communal-plougonvelin-mai-2019-211x300.png\" alt=\"Les \u00e9chos de Plougonvelin\" width=\"105\" height=\"155\" \/><\/a><\/p>\n<h6>Les \u00e9chos de Plougonvelin<\/h6>\n<p><a href=\"https:\/\/photos-infographiste.com\/dload\/bulletin.pdf\">T\u00e9l\u00e9charger le bulletin communal de Plougonvelin &#8211; &#8220;Les \u00e9chos de Plougonvelin &#8211; du 21 au 28&nbsp;f\u00e9vrier 2020&#8221;<\/a><br \/>\n&nbsp;<br \/>\n\n\t\t\t\t<div id=\"map_ol3js_1\" class=\"map undefined\" data-map_name=\"undefined\" data-map=\"map_ol3js_1\" style=\"width:100%; height:450px; overflow:hidden;border:2px solid grey;\" >\n\t\t\t\t  <div id=\"map_ol3js_1_popup\" class=\"ol-popup\" >\n\t\t\t\t\t<a href=\"#\" id=\"map_ol3js_1_popup-closer\" class=\"ol-popup-closer\"><\/a>\n\t\t\t\t\t<div id=\"map_ol3js_1_popup-content\" ><\/div>\n\t\t\t\t  <\/div>\n\t\t\t\t<\/div>\n\t\t\t\n\t\t\t\t<link rel=\"stylesheet\" href=\"https:\/\/photos-infographiste.com\/diario\/wp-content\/plugins\/osm\/js\/OL\/4.5.0\/css\/ol.css\" type=\"text\/css\">\n\t\t\t\t<link rel=\"stylesheet\" href=\"https:\/\/photos-infographiste.com\/diario\/wp-content\/plugins\/osm\/css\/osm_map_v3.css\" type=\"text\/css\">\n\t\t\t\t<link rel=\"stylesheet\" href=\"https:\/\/photos-infographiste.com\/diario\/wp-content\/plugins\/osm\/css\/osm_map.css\" type=\"text\/css\">\n\t\t\t\t<!-- The line below is only needed for old environments like Internet Explorer and Android 4.x -->\n\t\t\t\t<script src=\"https:\/\/cdn.polyfill.io\/v2\/polyfill.min.js?features=requestAnimationFrame,Element.prototype.classList,URL\"><\/script>\n\n\t\t\t\t<script src=\"https:\/\/photos-infographiste.com\/diario\/wp-content\/plugins\/osm\/js\/OL\/4.5.0\/ol.js\" type=\"text\/javascript\"><\/script>\n\t\t\t\t<script src=\"https:\/\/photos-infographiste.com\/diario\/wp-content\/plugins\/osm\/js\/osm-v3-plugin-lib.js\" type=\"text\/javascript\"><\/script>\n\t\t\t\t<script src=\"https:\/\/photos-infographiste.com\/diario\/wp-content\/plugins\/osm\/js\/osm-metabox-events.js\" type=\"text\/javascript\"><\/script>\n\t\t\t\t<script src=\"https:\/\/photos-infographiste.com\/diario\/wp-content\/plugins\/osm\/js\/osm-startup-lib.js\" type=\"text\/javascript\"><\/script>\n\t\t\t\t<script type=\"text\/javascript\">\n\t\t\t\t\ttranslations['openlayer'] = \"open layer\";\n\t\t\t\t\ttranslations['openlayerAtStartup'] = \"open layer at startup\";\n\t\t\t\t\ttranslations['generateLink'] = \"link to this map with opened layers\";\n\t\t\t\t\ttranslations['shortDescription'] = \"short description\";\n\t\t\t\t\ttranslations['generatedShortCode'] = \"to get a text control link paste this code in your wordpress editor\";\n\t\t\t\t\ttranslations['closeLayer'] = \"close layer\";\n\t\t\t\t\ttranslations['cantGenerateLink'] = \"put this string in the existing map short code to control this map\";\n\t\t\t\t<\/script>\n\n\t\t\t  <script type=\"text\/javascript\">vectorM['map_ol3js_1'] = [];\n\n\tvar attribution = new ol.control.Attribution({\n        collapsible: false\n      });\n      \n      var raster = new ol.layer.Tile({\n        source: new ol.source.OSM({ })\n      });\n      var Controls = ol.control.defaults({ attribution: false }).extend([\n          attribution\n      ]); \n\t\t\t  map_ol3js_1 = new ol.Map({\n\t\tcontrols: Controls,\n\t\t\n\t\t\t\tinteractions: ol.interaction.defaults({mouseWheelZoom:false}),\n\t\t\t\tlayers: [raster],\n\t\t\t\ttarget: \"map_ol3js_1\",\n\t\t\t\tview: new ol.View({\n\t\t\t\t  center: ol.proj.transform([-4.6952,48.3518], \"EPSG:4326\", \"EPSG:3857\"),\n\t\t\t\t  zoom: 13\n\t\t\t\t})\n\t\t\t  });\n\t\t\t  osm_addMarkerLayer(map_ol3js_1,-4.7050,48.3459,\"https:\/\/photos-infographiste.com\/diario\/wp-content\/plugins\/osm\/icons\/mic_blue_information_01.png\",-16,-41,\"  <\/a><br>\") ; \n\t\t  var osm_controls = [\n\t\t\tnew ol.control.Attribution(),\n\t\t\tnew ol.control.MousePosition({\n\t\t\t  undefinedHTML: \"outside\",\n\t\t\t  projection: \"EPSG:4326\",\n\t\t\t  coordinateFormat: function(coordinate) {\n\t\t\t\t return ol.coordinate.format(coordinate, \"{y}, {x}\", 4);\n\t\t\t  }\n\t\t\t}),\n\t\t\tnew ol.control.OverviewMap({\n\t\t\t  collapsed: false\n\t\t\t}),\n\t\t\tnew ol.control.Rotate({\n\t\t\t  autoHide: false\n\t\t\t}),\n\t\t\tnew ol.control.ScaleLine(),\n\t\t\tnew ol.control.Zoom(),\n\t\t\tnew ol.control.ZoomSlider(),\n\t\t\tnew ol.control.ZoomToExtent({\n      extent: [-11243808.051695308, 1.202710291, 9561377.290892059, 6852382.107835932]\n    }),\n\t\t\tnew ol.control.FullScreen()\n\t\t  ]; \nosm_addPopupClickhandler(map_ol3js_1,  \"map_ol3js_1\"); \nosm_addMouseHover(map_ol3js_1); <\/script>\n","protected":false},"excerpt":{"rendered":"<p>Gazette &amp; Toiles Les Echos de Plougonvelin et le programme Cin\u00e9ma &#8220;Les Allum\u00e9s de la Grande Toile&#8221; Programme du cin\u00e9ma Les Allum\u00e9s de la Grande Toile T\u00e9l\u00e9charger le programme du cin\u00e9ma les Allum\u00e9s de la Grande Toile au Trez-Hir \u00e0 Plougonvelin du 26&nbsp;f\u00e9vrier au 15&nbsp;mars 2020 &nbsp; Les \u00e9chos de Plougonvelin T\u00e9l\u00e9charger le bulletin communal &hellip; <a href=\"https:\/\/photos-infographiste.com\/diario\/les-echos-de-plougonvelin\/\" class=\"more-link\">Continuer la lecture de <span class=\"screen-reader-text\">Les \u00e9chos de Plougonvelin<\/span> <span class=\"meta-nav\">&rarr;<\/span><\/a><\/p>\n","protected":false},"author":1,"featured_media":4429,"comment_status":"closed","ping_status":"closed","sticky":false,"template":"","format":"quote","meta":[],"categories":[29],"tags":[],"_links":{"self":[{"href":"https:\/\/photos-infographiste.com\/diario\/wp-json\/wp\/v2\/posts\/4426"}],"collection":[{"href":"https:\/\/photos-infographiste.com\/diario\/wp-json\/wp\/v2\/posts"}],"about":[{"href":"https:\/\/photos-infographiste.com\/diario\/wp-json\/wp\/v2\/types\/post"}],"author":[{"embeddable":true,"href":"https:\/\/photos-infographiste.com\/diario\/wp-json\/wp\/v2\/users\/1"}],"replies":[{"embeddable":true,"href":"https:\/\/photos-infographiste.com\/diario\/wp-json\/wp\/v2\/comments?post=4426"}],"version-history":[{"count":22,"href":"https:\/\/photos-infographiste.com\/diario\/wp-json\/wp\/v2\/posts\/4426\/revisions"}],"predecessor-version":[{"id":4765,"href":"https:\/\/photos-infographiste.com\/diario\/wp-json\/wp\/v2\/posts\/4426\/revisions\/4765"}],"wp:featuredmedia":[{"embeddable":true,"href":"https:\/\/photos-infographiste.com\/diario\/wp-json\/wp\/v2\/media\/4429"}],"wp:attachment":[{"href":"https:\/\/photos-infographiste.com\/diario\/wp-json\/wp\/v2\/media?parent=4426"}],"wp:term":[{"taxonomy":"category","embeddable":true,"href":"https:\/\/photos-infographiste.com\/diario\/wp-json\/wp\/v2\/categories?post=4426"},{"taxonomy":"post_tag","embeddable":true,"href":"https:\/\/photos-infographiste.com\/diario\/wp-json\/wp\/v2\/tags?post=4426"}],"curies":[{"name":"wp","href":"https:\/\/api.w.org\/{rel}","templated":true}]}}