{"id":673,"date":"2015-05-20T17:15:58","date_gmt":"2015-05-20T17:15:58","guid":{"rendered":"http:\/\/photos-infographiste.com\/diario\/?p=673"},"modified":"2018-08-05T14:23:06","modified_gmt":"2018-08-05T14:23:06","slug":"webcam-meteo-horaires-des-marees-plage-du-trez-hir-plougonvelin","status":"publish","type":"post","link":"https:\/\/photos-infographiste.com\/diario\/webcam-meteo-horaires-des-marees-plage-du-trez-hir-plougonvelin\/","title":{"rendered":"M\u00e9t\u00e9o"},"content":{"rendered":"<div style=\"float: left;\">\n<blockquote><p>Mais quel temps fait-il \u00e0 la plage du Trez-Hir&nbsp;? Mar\u00e9e haute ou basse&nbsp;?<\/p><\/blockquote>\n<h4>La plage du Trez-Hir \u00e0 Plougonvelin dans le Finist\u00e8re (29)<\/h4>\n<p><H5>La Webcam du Trez-Hir &#8211; Plougonvelin<\/h5>\n<p>Heures d&#8217;ouverture : du lever du soleil au couchant*<\/p>\n<p><iframe src=\"\/\/www.vision-environnement.com\/webcams\/player\/plougonvelin.php\" title=\"Si la webcam ne s'affiche pas, vous pouvez la consulter sur le site msalpin.com, voir ci-dessous\" alt=\"Si la webcam ne s'affiche pas, vous pouvez la consulter sur le site msalpin.com, voir ci-dessous\"width=\"640px\" height=\"370px\" frameborder=\"0\" scrolling=\"No\"><\/iframe><br \/>\n<em>Du fait que la connexion au site vision-environnement.com n&#8217;est pas s\u00e9curis\u00e9e, il est possible qu&#8217;avec certains navigateurs, la webcam ne s&#8217;affiche pas, vous pouvez tout de m\u00eame la consulter ici&nbsp;: <span style=\"font-size: 32px; color: #0677ce; line-height: 1.1em;\">\u219d<\/span> <a href=\"http:\/\/msalpin.com\/la-web-cam-plougonvelin-trez-hir.html\" target=\"_blank\" title=\"la webcam de la plage du Trez-Hir \u00e0 Plougonvelin dans le F!nist\u00e8re\">La webcam de la plage du Trez-Hir \u00e0 Plougonvelin&#8221;<\/em><br \/>\n* Remerciements \u00e0 <a title=\"Le journal de photos-infographiste.com recommande vision-environnement\" href=\"http:\/\/www.vision-environnement.com\" target=\"_blank\">www.vision-environnement.com \u00a9<\/a> &#8211; Webcams du monde entier.\n<\/div>\n<div class=\"net\"><\/div>\n<div style=\"float: left;margin: auto; text-align: left; max-width: 42%;font-size:90%;padding-right:2%;\">\n<h5>Sites de M\u00e9t\u00e9o<\/h5>\n<ul>\n<li>La m\u00e9t\u00e9o &#8211; r\u00e9gion de <a title=\"Le site M\u00e9t\u00e9o France - r\u00e9gion de Plougonvelin-Trez-Hir\" href=\"https:\/\/www.meteofrance.com\/previsions-meteo-france\/bretagne\/regi53\" target=\"_blank\">Plougonvelin<\/a><\/li>\n<li>La m\u00e9t\u00e9o <a title=\"Le m\u00e9t\u00e9o marine \u00e0 Plougonvelin dans le Finist\u00e8re (29)\" href=\"https:\/\/marine.meteoconsult.fr\/meteo-marine\/meteo-plage\/bassin-par-defaut\/previsions-meteo-plougonvelin-84-0.php\" target=\"_blank\">marine<\/a><\/li>\n<li>La m\u00e9t\u00e9o <a title=\"Le m\u00e9t\u00e9o des plages \u00e0 Plougonvelin dans le Finist\u00e8re (29)\" href=\"http:\/\/www.meteo-bretagne.fr\/plage-plougonvelin\" target=\"_blank\">des plages<\/a><\/li>\n<li>V\u00e9rifier la qualit\u00e9 des eaux de baignade de <a title=\"Qualit\u00e9 de l'eau de la plage du Trez-Hir \u00e0 Plougonvelin, peux-t-on se baigner\" href=\"http:\/\/baignades.sante.gouv.fr\/baignades\/consultSite.do?dptddass=28&amp;plv=no&amp;idCarte=fra&amp;annee=2015&amp;objectId=963&amp;xmin=-532588.5558249449&amp;ymin=6161543.094902896&amp;xmax=-519212.075875057&amp;ymax=6170715.538297105\" target=\"_blank\">la plage du Trez-Hir<\/a><\/li>\n<\/ul>\n<\/div>\n<div style=\"float: left;margin: auto; text-align: left; max-width: 50%;font-size:90%;\">\n<iframe src=\"\/\/horloge.maree.frbateaux.net\/ws109\" width=\"226\" height=\"217\" frameborder=\"0\" scrolling=\"no\"><a href=\"\/\/maree.info\/\" target=\"_top\" rel=\"dofollow\">Calendrier des mar\u00e9es &#8211; horaire, hauteur, coefficient de mar\u00e9e<\/a><\/iframe>\n<\/div>\n","protected":false},"excerpt":{"rendered":"<p>Mais quel temps fait-il \u00e0 la plage du Trez-Hir&nbsp;? Mar\u00e9e haute ou basse&nbsp;? La plage du Trez-Hir \u00e0 Plougonvelin dans le Finist\u00e8re (29) La Webcam du Trez-Hir &#8211; Plougonvelin Heures d&#8217;ouverture : du lever du soleil au couchant* Du fait que la connexion au site vision-environnement.com n&#8217;est pas s\u00e9curis\u00e9e, il est possible qu&#8217;avec certains navigateurs, &hellip; <a href=\"https:\/\/photos-infographiste.com\/diario\/webcam-meteo-horaires-des-marees-plage-du-trez-hir-plougonvelin\/\" class=\"more-link\">Continuer la lecture de <span class=\"screen-reader-text\">M\u00e9t\u00e9o<\/span> <span class=\"meta-nav\">&rarr;<\/span><\/a><\/p>\n","protected":false},"author":1,"featured_media":452,"comment_status":"closed","ping_status":"closed","sticky":false,"template":"","format":"aside","meta":[],"categories":[3,29],"tags":[],"_links":{"self":[{"href":"https:\/\/photos-infographiste.com\/diario\/wp-json\/wp\/v2\/posts\/673"}],"collection":[{"href":"https:\/\/photos-infographiste.com\/diario\/wp-json\/wp\/v2\/posts"}],"about":[{"href":"https:\/\/photos-infographiste.com\/diario\/wp-json\/wp\/v2\/types\/post"}],"author":[{"embeddable":true,"href":"https:\/\/photos-infographiste.com\/diario\/wp-json\/wp\/v2\/users\/1"}],"replies":[{"embeddable":true,"href":"https:\/\/photos-infographiste.com\/diario\/wp-json\/wp\/v2\/comments?post=673"}],"version-history":[{"count":141,"href":"https:\/\/photos-infographiste.com\/diario\/wp-json\/wp\/v2\/posts\/673\/revisions"}],"predecessor-version":[{"id":4303,"href":"https:\/\/photos-infographiste.com\/diario\/wp-json\/wp\/v2\/posts\/673\/revisions\/4303"}],"wp:featuredmedia":[{"embeddable":true,"href":"https:\/\/photos-infographiste.com\/diario\/wp-json\/wp\/v2\/media\/452"}],"wp:attachment":[{"href":"https:\/\/photos-infographiste.com\/diario\/wp-json\/wp\/v2\/media?parent=673"}],"wp:term":[{"taxonomy":"category","embeddable":true,"href":"https:\/\/photos-infographiste.com\/diario\/wp-json\/wp\/v2\/categories?post=673"},{"taxonomy":"post_tag","embeddable":true,"href":"https:\/\/photos-infographiste.com\/diario\/wp-json\/wp\/v2\/tags?post=673"}],"curies":[{"name":"wp","href":"https:\/\/api.w.org\/{rel}","templated":true}]}}