{"id":731,"date":"2015-05-29T12:00:46","date_gmt":"2015-05-29T12:00:46","guid":{"rendered":"http:\/\/photos-infographiste.com\/diario\/?p=731"},"modified":"2019-12-01T13:13:17","modified_gmt":"2019-12-01T13:13:17","slug":"votre-logo-et-charte-graphique","status":"publish","type":"post","link":"https:\/\/photos-infographiste.com\/diario\/votre-logo-et-charte-graphique\/","title":{"rendered":"Votre logo"},"content":{"rendered":"<h1>Identit\u00e9 visuelle \u2013 cr\u00e9ation de logos et de chartes graphiques<\/h1>\n<h6>Le logo et la charte graphique associ\u00e9e (typographie, couleurs, iconographie &#8230;) sont des \u00e9l\u00e9ments primordiaux pour l&#8217;image d&#8217;une entreprise.<\/h6>\n<p>Je vous propose mes services pour la cr\u00e9ation de votre logo et de votre charte graphique. <\/p>\n<p>Le co\u00fbt moyen pour un auto-entrepreneur, artisan, TPE ou PME va de 700 \u00e0 3000 euros. Mes tarifs sont sensiblement inf\u00e9rieurs.<\/p>\n<p> <strong>Mieux,<\/strong> le prix peut faire l&#8217;objet d&#8217;un forfait et \u00eatre inclus \u00e0 celui de la conception de votre site internet. <\/p>\n<p>Trois maquettes vous sont propos\u00e9es. Une fois votre choix effectu\u00e9 et finalis\u00e9, je d\u00e9cline les couleurs RVB (internet) vers le CMJN (print). Je peux \u00e9galement me charger de la cr\u00e9ation de vos documents commerciaux&nbsp;: t\u00eate de lettre, facture, cartes de visite, etc. et\/ou de tout autre document publicitaire.<\/p>\n<blockquote><p><a href=\"http:\/\/photos-infographiste.com\/diario\/me-contacter\/\" title=\"Demande de devis - formulaire de contact\">Demander un devis<\/a><\/p><\/blockquote>\n<p>&nbsp;<\/p>\n<h3>Exemples de cr\u00e9ation<\/h3>\n<p>&nbsp;<\/p>\n<figure id=\"attachment_729\" aria-describedby=\"caption-attachment-729\" style=\"width: 150px\" class=\"wp-caption alignleftm\"><a href=\"http:\/\/vacances-crozon.fr\" target=\"_blank\"><img loading=\"lazy\" class=\"alignleftm\" src=\"http:\/\/photos-infographiste.com\/diario\/wp-content\/uploads\/2015\/05\/vacances-crozon_300_172.png\" title=\"Secteur du tourisme\" alt=\"Secteur du tourisme\" width=\"150\" height=\"86\" \/><\/a><figcaption id=\"caption-attachment-729\" class=\"wp-caption-text\">Vacances Crozon &amp; Services<\/figcaption><\/figure>\n<figure id=\"attachment_726\" aria-describedby=\"caption-attachment-726\" style=\"width: 150px\" class=\"wp-caption alignleftm\"><img class=\"alignleftm\" src=\"http:\/\/photos-infographiste.com\/diario\/wp-content\/uploads\/2015\/05\/adec-ouest_300_144.png\" title=\"Adec-Ouest - Logo d'une entreprise du secteur du B\u00e2timent\" alt=\"Adec-Ouest - Logo d'une entreprise du secteur du B\u00e2timent\"width=\"150\" height=\"77\" style=\"\" \/><figcaption id=\"caption-attachment-726\" class=\"wp-caption-text\">Adec-Ouest &#8211; Logo d&#8217;une entreprise du secteur du B\u00e2timent<\/figcaption><\/figure>\n<figure id=\"attachment_727\" aria-describedby=\"caption-attachment-727\" style=\"width: 130px\" class=\"wp-caption alignleftm\"><a href=\"http:\/\/afici.fr\" target=\"_blank\"><img loading=\"lazy\" class=\"alignleftm\" src=\"http:\/\/photos-infographiste.com\/diario\/wp-content\/uploads\/2015\/05\/afici_260_260.png\" alt=\"logo afici - secteur interpr\u00e9tariat\" title=\"logo afici - secteur interpr\u00e9tariat\" width=\"130\" height=\"130\" style=\"\" \/><\/a><figcaption id=\"caption-attachment-727\" class=\"wp-caption-text\">Afici<\/figcaption><\/figure>\n<figure id=\"attachment_2737\" aria-describedby=\"caption-attachment-2737\" style=\"width: 250px\" class=\"wp-caption alignleftm\"><a href=\"http:\/\/photos-infographiste.com\/diario\/wp-content\/uploads\/2016\/04\/logo_ocean-pirogue_500-244.png\" target=\"_blank\"><img loading=\"lazy\" src=\"http:\/\/photos-infographiste.com\/diario\/wp-content\/uploads\/2016\/04\/logo_ocean-pirogue_500-244.png\" alt=\"Refonte du logo Oc\u00e9an Pirogue\" width=\"250\" height=\"122\" class=\"size-full wp-image-2737\" srcset=\"https:\/\/photos-infographiste.com\/diario\/wp-content\/uploads\/2016\/04\/logo_ocean-pirogue_500-244.png 500w, https:\/\/photos-infographiste.com\/diario\/wp-content\/uploads\/2016\/04\/logo_ocean-pirogue_500-244-300x146.png 300w, https:\/\/photos-infographiste.com\/diario\/wp-content\/uploads\/2016\/04\/logo_ocean-pirogue_500-244-400x195.png 400w\" sizes=\"(max-width: 250px) 100vw, 250px\" \/><\/a><figcaption id=\"caption-attachment-2737\" class=\"wp-caption-text\">Refonte du logo Oc\u00e9an Pirogue<\/figcaption><\/figure>\n<figure id=\"attachment_2737\" aria-describedby=\"caption-attachment-2737\" style=\"width: 250px\" class=\"wp-caption alignleftm\"><img loading=\"lazy\" src=\"https:\/\/photos-infographiste.com\/diario\/wp-content\/uploads\/2015\/05\/logo-oceanbay.jpg\" alt=\"Cr\u00e9ation du logo Oc\u00e9an Bay\" width=\"223\" height=\"12\" class=\"size-full wp-image-2737\" \/><figcaption id=\"caption-attachment-2737\" class=\"wp-caption-text\">Cr\u00e9ation du logo Oc\u00e9an Bay<\/figcaption><\/figure>\n<div class=\"net\"><\/div>\n<h3>Cr\u00e9ation en collaboration<\/h3>\n<p>&nbsp;<\/p>\n<figure id=\"attachment_730\" aria-describedby=\"caption-attachment-730\" style=\"width: 250px\" class=\"wp-caption alignleftm\"><a href=\"http:\/\/verteimpression.com\" target=\"_blank&quot;\"><img loading=\"lazy\" class=\"alignleftm\" src=\"http:\/\/photos-infographiste.com\/diario\/wp-content\/uploads\/2015\/06\/verteimpression-222_55.png\" alt=\"Cr\u00e9\u00e9 en collaboration commune par toute l'\u00e9quipe de l'entreprise\" title=\"Cr\u00e9\u00e9 en collaboration commune par toute l'\u00e9quipe de l'entreprise\" width=\"222\" height=\"55\" style=\"margin-bottom:24px;\" \/><\/a><figcaption id=\"caption-attachment-730\" class=\"wp-caption-text\">Participation&nbsp;&#8211;&nbsp;Cr\u00e9\u00e9 collectivement par toute l&#8217;\u00e9quipe de l&#8217;entreprise<\/figcaption><\/figure>\n<figure id=\"attachment_728\" aria-describedby=\"caption-attachment-728\" style=\"width: 250px\" class=\"wp-caption alignleftm\"><img class=\"alignleftm\" src=\"http:\/\/photos-infographiste.com\/diario\/wp-content\/uploads\/2015\/05\/uvigreen-250-148.png\" alt=\"Cr\u00e9\u00e9 collectivement par toute l'\u00e9quipe de l'entreprise\" title=\"Cr\u00e9\u00e9 collectivement par toute l'\u00e9quipe de l'entreprise\"width=\"125\" height=\"79\" style=\"margin-bottom:24px;\"  \/><figcaption id=\"caption-attachment-728\" class=\"wp-caption-text\">Participation&nbsp;&#8211;&nbsp;cr\u00e9\u00e9 collectivement par toute l&#8217;\u00e9quipe de l&#8217;entreprise<\/figcaption><\/figure>\n<div class=\"net\"><\/div>\n","protected":false},"excerpt":{"rendered":"<p>Identit\u00e9 visuelle \u2013 cr\u00e9ation de logos et de chartes graphiques Le logo et la charte graphique associ\u00e9e (typographie, couleurs, iconographie &#8230;) sont des \u00e9l\u00e9ments primordiaux pour l&#8217;image d&#8217;une entreprise. Je vous propose mes services pour la cr\u00e9ation de votre logo et de votre charte graphique. Le co\u00fbt moyen pour un auto-entrepreneur, artisan, TPE ou PME &hellip; <a href=\"https:\/\/photos-infographiste.com\/diario\/votre-logo-et-charte-graphique\/\" class=\"more-link\">Continuer la lecture de <span class=\"screen-reader-text\">Votre logo<\/span> <span class=\"meta-nav\">&rarr;<\/span><\/a><\/p>\n","protected":false},"author":1,"featured_media":135,"comment_status":"closed","ping_status":"closed","sticky":false,"template":"","format":"chat","meta":[],"categories":[3,4],"tags":[],"_links":{"self":[{"href":"https:\/\/photos-infographiste.com\/diario\/wp-json\/wp\/v2\/posts\/731"}],"collection":[{"href":"https:\/\/photos-infographiste.com\/diario\/wp-json\/wp\/v2\/posts"}],"about":[{"href":"https:\/\/photos-infographiste.com\/diario\/wp-json\/wp\/v2\/types\/post"}],"author":[{"embeddable":true,"href":"https:\/\/photos-infographiste.com\/diario\/wp-json\/wp\/v2\/users\/1"}],"replies":[{"embeddable":true,"href":"https:\/\/photos-infographiste.com\/diario\/wp-json\/wp\/v2\/comments?post=731"}],"version-history":[{"count":116,"href":"https:\/\/photos-infographiste.com\/diario\/wp-json\/wp\/v2\/posts\/731\/revisions"}],"predecessor-version":[{"id":4739,"href":"https:\/\/photos-infographiste.com\/diario\/wp-json\/wp\/v2\/posts\/731\/revisions\/4739"}],"wp:featuredmedia":[{"embeddable":true,"href":"https:\/\/photos-infographiste.com\/diario\/wp-json\/wp\/v2\/media\/135"}],"wp:attachment":[{"href":"https:\/\/photos-infographiste.com\/diario\/wp-json\/wp\/v2\/media?parent=731"}],"wp:term":[{"taxonomy":"category","embeddable":true,"href":"https:\/\/photos-infographiste.com\/diario\/wp-json\/wp\/v2\/categories?post=731"},{"taxonomy":"post_tag","embeddable":true,"href":"https:\/\/photos-infographiste.com\/diario\/wp-json\/wp\/v2\/tags?post=731"}],"curies":[{"name":"wp","href":"https:\/\/api.w.org\/{rel}","templated":true}]}}