{"id":899,"date":"2015-06-30T15:04:32","date_gmt":"2015-06-30T15:04:32","guid":{"rendered":"http:\/\/photos-infographiste.com\/diario\/?p=899"},"modified":"2018-08-25T08:19:26","modified_gmt":"2018-08-25T08:19:26","slug":"les-lundis-du-trez-hir-a-plougonvelin","status":"publish","type":"post","link":"https:\/\/photos-infographiste.com\/diario\/les-lundis-du-trez-hir-a-plougonvelin\/","title":{"rendered":"Trez-Hir"},"content":{"rendered":"<blockquote><p>Voir la programmation de <a href=\"?p=2834\" title=\"les lundis du Trez-Hir 2016 \u00e0 Plougonvelin\">la saison 2016<\/a><\/p>\n<\/blockquote>\n<p><img loading=\"lazy\" class=\"aligncenter\"  src=\"http:\/\/photos-infographiste.com\/diario\/wp-content\/uploads\/2015\/07\/les-lundis-du-trez-hir-plougonvelin-300_355.jpg\" alt=\"Les lundis du Trez-hir 2015 \u00e0 Plougonvelin\" title=\"Les lundis du Trez-hir 2015 \u00e0 Plougonvelin\" width=\"300\" height=\"355\" \/><\/p>\n<h1>Les Lundis du Trez-Hir &#8211; Plougonvelin &#8211; saison 2015<\/h1>\n<h6>Comme chaque ann\u00e9e, des concerts gratuits ont eu lieu chaque lundi sur la place du Forum au Trez-Hir \u00e0 Plougonvelin dans le Finist\u00e8re\u00a0(29). En premi\u00e8re partie \u00e0 partir de 17h30, un march\u00e9 o\u00f9 des artisans exposaient et commercialisaient leurs cr\u00e9ations. Puis \u00e0 partir de 21\u00a0heures, la musique prenait le relais.<\/h6>\n<p><!--more--><\/p>\n<h2>La programmation<\/h2>\n<div class=\"f_right\">\n<blockquote><p>13 juillet 2015<\/p><\/blockquote>\n<h4>Les Loups de Mer<\/h4>\n<p><img loading=\"lazy\" class=\"alignleftm50\" src=\"http:\/\/photos-infographiste.com\/diario\/wp-content\/uploads\/2015\/06\/Les-loups-de-Mer_250_250.jpg\" alt=\"Les Loups de Mer au Trez-Hir \u00e0 Plougonvelin\" title=\"Les Loups de Mer au Trez-Hir \u00e0 Plougonvelin\" width=\"250\" height=\"250\" \/><\/p>\n<p>La formation est bas\u00e9e \u00e0 Plougonvelin et comprend 23\u00a0choristes et 6\u00a0musiciens.<\/p>\n<p><a title=\"Les Loups de Mer au Trez-Hir \u00e0 Plougonvelin\" href=\"http:\/\/www.loupsdemer.fr\/\" target=\"_blank\">www.loupsdemer.fr<\/a><\/p>\n<\/div>\n<div class=\"f_right\">\n<blockquote><p>20 juillet 2015<\/p><\/blockquote>\n<h4>Tan Arvest &#8211; Fest-Noz<\/h4>\n<p><img loading=\"lazy\" class=\"alignleft\" src=\"http:\/\/photos-infographiste.com\/diario\/wp-content\/uploads\/2015\/06\/tan-arvest_250_250.jpg\" alt=\"Tan Arvest aux lundis du Trez-Hir \u00e0 Plougonvelin\" title=\"Tan Arvest aux lundis du Trez-Hir \u00e0 Plougonvelin\" width=\"250\" height=\"250\" \/><\/p>\n<div class=\"net\"><\/div>\n<p>&nbsp;<br \/>\nTan Arvest est un groupe de musique bretonne de Ploumoguer.<\/p>\n<ul>\n<li>Jean-Guillaume \u00e0 l&#8217;accord\u00e9on<\/li>\n<li>Brendan aux percussions<\/li>\n<li>Marie \u00e0 la guitare et au chant<\/li>\n<li>Alain au piano et \u00e0 la bombarde<\/li>\n<\/ul>\n<p><a title=\"Tan Arvest - Trez-Hir \u00e0 Plougonvelin\" href=\"http:\/\/tanarvest.wix.com\/officiel\" target=\"_blank\">www.tanarvest<\/a>\n<\/div>\n<div class=\"net\"><\/div>\n<div class=\"f_right\">\n<blockquote><p>27 juillet 2015<\/p><\/blockquote>\n<h4>Les Marins du Bout du Monde<\/h4>\n<p><img loading=\"lazy\" class=\"alignleft\" src=\"http:\/\/photos-infographiste.com\/diario\/wp-content\/uploads\/2015\/06\/les-marins-du-bout-du-monde_250-216.jpg\" alt=\"Les Marins du Bout du Monde aux Lundis du Trez-Hir \u00e0 Plougonvelin\" title=\"Les Marins du Bout du Monde aux Lundis du Trez-Hir \u00e0 Plougonvelin\" width=\"250\" height=\"216\" \/><\/p>\n<div class=\"net\">&nbsp;<\/div>\n<p>Le groupe a \u00e9t\u00e9 fond\u00e9 en 2000 et comprend 15 musiciens.<br \/>\n<a title=\"Les Marins du Bout du Monde seront au Trez-Hir \u00e0 Plougonvelin\" href=\"http:\/\/marinsduboutdumonde.free.fr\/\" target=\"_blank\">www.marinsduboutdumonde<\/a>\n<\/div>\n<div class=\"f_right\">\n<blockquote><p>3 ao\u00fbt 2015<\/p><\/blockquote>\n<h4>Breizh storming &#8211; Fest-Noz<\/h4>\n<p><img loading=\"lazy\" class=\"alignleft\" src=\"http:\/\/photos-infographiste.com\/diario\/wp-content\/uploads\/2015\/06\/breizh-storming_250_104.jpg\" alt=\"Breizh Stroming au Trez-Hir en concert \u00e0 Plougonvelin\" title=\"Breizh Stroming au Trez-Hir en concert \u00e0 Plougonvelin\" width=\"250\" height=\"104\" \/><\/p>\n<div class=\"net\">&nbsp;<\/div>\n<p>Le groupe a \u00e9t\u00e9 form\u00e9 en 1995, il comprend 7\u00a0musiciens.<\/p>\n<ul>\n<li>Bombarde\u00a0: Alain<\/li>\n<li>Damien\u00a0: clarinette et fl\u00fbte traversi\u00e8re irlandaise<\/li>\n<li>Violon\u00a0: Jean<\/li>\n<li>Chant et saxophone\u00a0: Fran\u00e7ois<\/li>\n<li>Guitare\u00a0: Georges<\/li>\n<li>Yannig \u00e0 l&#8217;accord\u00e9on diatonique et au chant<\/li>\n<\/ul>\n<p><a title=\"Fest Noz au Trez-Hir \u00e0 Plougonvelin\" href=\"https:\/\/www.facebook.com\/pages\/Breizh-Storming\/376328755769023\" target=\"_blank\">www.facebook.com\/Breizh&#8230;<\/a>\n<\/div>\n<div class=\"net\"><\/div>\n<div class=\"f_right\">\n<blockquote><p>10 ao\u00fbt 2015<\/p><\/blockquote>\n<h4>Passeport &#8211; Folk irlandais<\/h4>\n<p><img loading=\"lazy\" class=\"alignleft\" src=\"http:\/\/photos-infographiste.com\/diario\/wp-content\/uploads\/2015\/06\/Passeport_250-250.jpg\" alt=\"Les Lundis du Trez-Hir, Plougonvelin, Le Groupe Passeport\" title=\"Les Lundis du Trez-Hir, Plougonvelin, Le Groupe Passeport\" width=\"250\" height=\"250\" \/><\/p>\n<div class=\"net\"><\/div>\n<p>&nbsp;<br \/>\nPasseport a \u00e9t\u00e9 cr\u00e9\u00e9 en 1995, le groupe est compos\u00e9 de 6\u00a0musiciens. Instruments\u00a0: Guitares Electro Acoustiques, Guitare Basse, Clavier, Voix, Fl\u00fbtes et Percussions.<br \/>\n<a title=\"Passeport - lundi du Trez-Hir \u00e0 Plougonvelin\" href=\"http:\/\/www.info-groupe.com\/passeport\/\" target=\"_blank\">www.info-groupe.com\/passeport<br \/>\n<\/a>\n<\/div>\n<div class=\"f_right\">\n<blockquote><p>17 ao\u00fbt 2015<\/p><\/blockquote>\n<h4>Tamm Tan &#8211; Fest-Noz<\/h4>\n<p><img loading=\"lazy\" class=\"alignleft\" src=\"http:\/\/photos-infographiste.com\/diario\/wp-content\/uploads\/2015\/06\/tamm-tan_250_200.jpg\" alt=\"Les Lundis du Trez-Hir 2015 \u00e0 Plougonvelin, le groupe Tamm-Tan\" title=\"Les Lundis du Trez-Hir 2015 \u00e0 Plougonvelin, le groupe Tamm-Tan\" width=\"250\" height=\"200\" \/><\/p>\n<div class=\"net\"><\/div>\n<p>Tamm Tan est n\u00e9 en 2006.<\/p>\n<ul>\n<li>Edouard , chant &amp; accord\u00e9on chromatique<\/li>\n<li>Arnold, chant et plein d&#8217;instruments \u00e0 vent<\/li>\n<li>Yves, chant et percussions<\/li>\n<li>Jacques, chant, guitare et bombarde<\/li>\n<li>Rock, chant et djembe<\/li>\n<\/ul>\n<p><a title=\"Les lundis du Trez-Hir \u00e0 Plougonvelin avec le groupe Tamm Tan\" href=\"http:\/\/www.tammtan.com\/\" target=\"_blank\">www.tammtan.com<\/a>\n<\/div>\n<div class=\"net\"><\/div>\n<h2>S&#8217;y rendre<\/h2>\n<p>Le Trez-Hir, Le forum, Boulevard de la Mer, 29217 Plougonvelin<\/p>\n\n\t\t\t\t<div id=\"map_ol3js_1\" class=\"map undefined\" data-map_name=\"undefined\" data-map=\"map_ol3js_1\" style=\"width:100%; height:450px; overflow:hidden;border:2px solid grey;\" >\n\t\t\t\t  <div id=\"map_ol3js_1_popup\" class=\"ol-popup\" >\n\t\t\t\t\t<a href=\"#\" id=\"map_ol3js_1_popup-closer\" class=\"ol-popup-closer\"><\/a>\n\t\t\t\t\t<div id=\"map_ol3js_1_popup-content\" ><\/div>\n\t\t\t\t  <\/div>\n\t\t\t\t<\/div>\n\t\t\t\n\t\t\t\t<link rel=\"stylesheet\" href=\"https:\/\/photos-infographiste.com\/diario\/wp-content\/plugins\/osm\/js\/OL\/4.5.0\/css\/ol.css\" type=\"text\/css\">\n\t\t\t\t<link rel=\"stylesheet\" href=\"https:\/\/photos-infographiste.com\/diario\/wp-content\/plugins\/osm\/css\/osm_map_v3.css\" type=\"text\/css\">\n\t\t\t\t<link rel=\"stylesheet\" href=\"https:\/\/photos-infographiste.com\/diario\/wp-content\/plugins\/osm\/css\/osm_map.css\" type=\"text\/css\">\n\t\t\t\t<!-- The line below is only needed for old environments like Internet Explorer and Android 4.x -->\n\t\t\t\t<script src=\"https:\/\/cdn.polyfill.io\/v2\/polyfill.min.js?features=requestAnimationFrame,Element.prototype.classList,URL\"><\/script>\n\n\t\t\t\t<script src=\"https:\/\/photos-infographiste.com\/diario\/wp-content\/plugins\/osm\/js\/OL\/4.5.0\/ol.js\" type=\"text\/javascript\"><\/script>\n\t\t\t\t<script src=\"https:\/\/photos-infographiste.com\/diario\/wp-content\/plugins\/osm\/js\/osm-v3-plugin-lib.js\" type=\"text\/javascript\"><\/script>\n\t\t\t\t<script src=\"https:\/\/photos-infographiste.com\/diario\/wp-content\/plugins\/osm\/js\/osm-metabox-events.js\" type=\"text\/javascript\"><\/script>\n\t\t\t\t<script src=\"https:\/\/photos-infographiste.com\/diario\/wp-content\/plugins\/osm\/js\/osm-startup-lib.js\" type=\"text\/javascript\"><\/script>\n\t\t\t\t<script type=\"text\/javascript\">\n\t\t\t\t\ttranslations['openlayer'] = \"open layer\";\n\t\t\t\t\ttranslations['openlayerAtStartup'] = \"open layer at startup\";\n\t\t\t\t\ttranslations['generateLink'] = \"link to this map with opened layers\";\n\t\t\t\t\ttranslations['shortDescription'] = \"short description\";\n\t\t\t\t\ttranslations['generatedShortCode'] = \"to get a text control link paste this code in your wordpress editor\";\n\t\t\t\t\ttranslations['closeLayer'] = \"close layer\";\n\t\t\t\t\ttranslations['cantGenerateLink'] = \"put this string in the existing map short code to control this map\";\n\t\t\t\t<\/script>\n\n\t\t\t  <script type=\"text\/javascript\">vectorM['map_ol3js_1'] = [];\n\n\tvar attribution = new ol.control.Attribution({\n        collapsible: false\n      });\n      \n          var raster = new ol.layer.Tile({\n            source: new ol.source.OSM(),\n          });\n          var Layer2 = new ol.layer.Tile({\n            source: new ol.source.OSM({\n              attributions: \"Maps &copy; \" +\n              \"<a href=\\\"http:\/\/www.openseamap.org\/\\\">OpenSeaMap<\/a>\",\n              crossOrigin: null,\n              url: \"https:\/\/tiles.openseamap.org\/seamark\/{z}\/{x}\/{y}.png\"\n            })\n          });\n      var Controls = ol.control.defaults({ attribution: false }).extend([\n          attribution\n      ]); \n\t\t\t  map_ol3js_1 = new ol.Map({\n\t\t\t\tlayers: [raster, Layer2],\n\t\t\t\tinteractions: ol.interaction.defaults({mouseWheelZoom:false}),\n\t\t\t\ttarget: \"map_ol3js_1\",\n\t\t\t\tview: new ol.View({\n\t\t\t\t  center: ol.proj.transform([-4.7238,48.3514], \"EPSG:4326\", \"EPSG:3857\"),\n\t\t\t\t  zoom: 13\n\t\t\t\t})\n\t\t\t  });osm_addMarkerLayer(map_ol3js_1,-4.7050,48.3460,\"https:\/\/photos-infographiste.com\/diario\/wp-content\/plugins\/osm\/icons\/mic_green_palm-tree-export_01.png\",-16,-41,\"  <\/a><br>\") ; \n\t\t  var osm_controls = [\n\t\t\tnew ol.control.Attribution(),\n\t\t\tnew ol.control.MousePosition({\n\t\t\t  undefinedHTML: \"outside\",\n\t\t\t  projection: \"EPSG:4326\",\n\t\t\t  coordinateFormat: function(coordinate) {\n\t\t\t\t return ol.coordinate.format(coordinate, \"{y}, {x}\", 4);\n\t\t\t  }\n\t\t\t}),\n\t\t\tnew ol.control.OverviewMap({\n\t\t\t  collapsed: false\n\t\t\t}),\n\t\t\tnew ol.control.Rotate({\n\t\t\t  autoHide: false\n\t\t\t}),\n\t\t\tnew ol.control.ScaleLine(),\n\t\t\tnew ol.control.Zoom(),\n\t\t\tnew ol.control.ZoomSlider(),\n\t\t\tnew ol.control.ZoomToExtent({\n      extent: [-11243808.051695308, 1.202710291, 9561377.290892059, 6852382.107835932]\n    }),\n\t\t\tnew ol.control.FullScreen()\n\t\t  ]; \nmap_ol3js_1.addControl(osm_controls[8]);\nmap_ol3js_1.addControl(osm_controls[4]);\nmap_ol3js_1.addControl(osm_controls[1]);\nosm_addPopupClickhandler(map_ol3js_1,  \"map_ol3js_1\"); \nosm_addMouseHover(map_ol3js_1); <\/script>\n","protected":false},"excerpt":{"rendered":"<p>Voir la programmation de la saison 2016 Les Lundis du Trez-Hir &#8211; Plougonvelin &#8211; saison 2015 Comme chaque ann\u00e9e, des concerts gratuits ont eu lieu chaque lundi sur la place du Forum au Trez-Hir \u00e0 Plougonvelin dans le Finist\u00e8re\u00a0(29). En premi\u00e8re partie \u00e0 partir de 17h30, un march\u00e9 o\u00f9 des artisans exposaient et commercialisaient leurs &hellip; <a href=\"https:\/\/photos-infographiste.com\/diario\/les-lundis-du-trez-hir-a-plougonvelin\/\" class=\"more-link\">Continuer la lecture de <span class=\"screen-reader-text\">Trez-Hir<\/span> <span class=\"meta-nav\">&rarr;<\/span><\/a><\/p>\n","protected":false},"author":1,"featured_media":2798,"comment_status":"closed","ping_status":"closed","sticky":false,"template":"","format":"audio","meta":[],"categories":[3,29],"tags":[],"_links":{"self":[{"href":"https:\/\/photos-infographiste.com\/diario\/wp-json\/wp\/v2\/posts\/899"}],"collection":[{"href":"https:\/\/photos-infographiste.com\/diario\/wp-json\/wp\/v2\/posts"}],"about":[{"href":"https:\/\/photos-infographiste.com\/diario\/wp-json\/wp\/v2\/types\/post"}],"author":[{"embeddable":true,"href":"https:\/\/photos-infographiste.com\/diario\/wp-json\/wp\/v2\/users\/1"}],"replies":[{"embeddable":true,"href":"https:\/\/photos-infographiste.com\/diario\/wp-json\/wp\/v2\/comments?post=899"}],"version-history":[{"count":125,"href":"https:\/\/photos-infographiste.com\/diario\/wp-json\/wp\/v2\/posts\/899\/revisions"}],"predecessor-version":[{"id":4351,"href":"https:\/\/photos-infographiste.com\/diario\/wp-json\/wp\/v2\/posts\/899\/revisions\/4351"}],"wp:featuredmedia":[{"embeddable":true,"href":"https:\/\/photos-infographiste.com\/diario\/wp-json\/wp\/v2\/media\/2798"}],"wp:attachment":[{"href":"https:\/\/photos-infographiste.com\/diario\/wp-json\/wp\/v2\/media?parent=899"}],"wp:term":[{"taxonomy":"category","embeddable":true,"href":"https:\/\/photos-infographiste.com\/diario\/wp-json\/wp\/v2\/categories?post=899"},{"taxonomy":"post_tag","embeddable":true,"href":"https:\/\/photos-infographiste.com\/diario\/wp-json\/wp\/v2\/tags?post=899"}],"curies":[{"name":"wp","href":"https:\/\/api.w.org\/{rel}","templated":true}]}}